{"id":78001,"date":"2025-03-01T12:00:00","date_gmt":"2025-03-01T18:00:00","guid":{"rendered":"https:\/\/zonaroja.com.mx\/?p=78001"},"modified":"2025-03-01T07:38:10","modified_gmt":"2025-03-01T13:38:10","slug":"respalda-morena-oaxaca-freno-al-nepotismo-y-reeleccion-desde-ya","status":"publish","type":"post","link":"https:\/\/zonaroja.com.mx\/?p=78001","title":{"rendered":"Respalda Morena Oaxaca freno al nepotismo y reelecci\u00f3n, desde ya"},"content":{"rendered":"\n<p>Redacci\u00f3n\/Zona Roja.<\/p>\n\n\n\n<p>Oaxaca de Ju\u00e1rez, Oax.,a 1 de maro de 2025.- El presidente del Comit\u00e9 Ejecutivo Estatal de Morena en Oaxaca, Emanuel Navarro, afirm\u00f3 que el estado se suma al anuncio de la presidenta nacional, Luisa Mar\u00eda Alcalde, para que no se presenten propuestas de familiares en las elecciones del 2027.<\/p>\n\n\n\n<p>Dijo que participar\u00e1n en el Congreso Nacional para realizar la adecuaci\u00f3n estatutaria correspondiente y que la medida contra el nepotismo y no reelecci\u00f3n se implemente en los procesos electorales locales de Veracruz, Durango y en 2027, sin esperar hasta el 2030.<\/p>\n\n\n\n<p>\u201cCon esta acci\u00f3n combatiremos el cacicazgo que ha existido por generaciones, podremos ir eliminando esta pr\u00e1ctica de heredar los puestos\u201d, afirm\u00f3.<\/p>\n\n\n\n<p>Emmanuel Navarro sostuvo que Morena es congruente y est\u00e1 a la altura de las demandas del pueblo mexicano, por lo que desde lo inmediato impedir\u00e1n que familiares compitan en cargos y se terminen las reelecciones.<\/p>\n\n\n\n<p>Estos cambios en los documentos b\u00e1sicos de Morena se llevar\u00edan a cabo en el Octavo Congreso Extraordinario, con la participaci\u00f3n de m\u00e1s de tres mil congresistas nacionales de todo el pa\u00eds.<\/p>\n\n\n\n<p>Asimismo, se reconocieron las recientes reformas secundarias y constitucionales aprobadas por el Legislativo Federal, en materia de Soberan\u00eda Energ\u00e9tica y la Defensa del Ma\u00edz Nativo.<\/p>\n\n\n\n<p>Y es que, con las reformas a 11 Leyes en materia energ\u00e9tica, se revierte en su totalidad los procesos privatizadores que impusieron los gobiernos neoliberales, transformando a Pemex y CFE nuevamente como empresas del pueblo de M\u00e9xico.<\/p>\n\n\n\n<p>En tanto, con la reforma Constitucional para la preservaci\u00f3n del ma\u00edz, convierte a este preciado grano como elemento de identidad del pueblo mexicano y queda prohibido el uso de cualquier procedimiento antinatural en su producci\u00f3n, como los transg\u00e9nicos.&nbsp;<\/p>\n\n\n\n<p>CERO DEUDAS<\/p>\n\n\n\n<p>Por otra parte, el dirigente de Morena reconoci\u00f3 la pol\u00edtica financiera implementada por el gobierno de la Primavera Oaxaque\u00f1a, que hoy ha permitido evitar nuevas deudas y ahorrar recursos para invertir en programas de bienestar social.<\/p>\n\n\n\n<p>En reciente conferencia de prensa afirm\u00f3 que, a diferencia del pasado, como el gobierno de Alejandro Murat que dej\u00f3 una deuda superior a los 32 mil millones de pesos, la administraci\u00f3n actual disminuy\u00f3 los pasivos y ha invertido en el pueblo de Oaxaca.<\/p>\n\n\n\n<p>\u201cSon tres aspectos importantes que ha logrado el gobernador Salom\u00f3n Jara gracias a la pol\u00edtica de austeridad, combate a la corrupci\u00f3n y el manejo eficiente de recursos, y que han permitido no generar nuevas deudas, saldar m\u00e1s de 10 mil millones de la ya existente e invertir en programas de bienestar para las y los oaxaque\u00f1os\u201d, indic\u00f3.&nbsp;<\/p>\n\n\n\n<p>Precis\u00f3 que hacer p\u00fablicas las irregularidades cometidas durante la administraci\u00f3n muratista, la cual no comprob\u00f3 m\u00e1s de seis mil millones de pesos y a\u00fan tiene pendiente por aclarar casi seis mil millones, gener\u00f3 molestia en los Murat, quienes iniciaron campa\u00f1as de desinformaci\u00f3n contra el Gobierno de la Primavera Oaxaque\u00f1a.<\/p>\n\n\n\n<p>\u201cNo les gusta la nueva forma de gobernar, que se atiendan a las comunidades de una manera directa, que se den m\u00e1s beneficios, oportunidades y que las obras est\u00e9n llegando a las comunidades m\u00e1s apartadas de Oaxaca, porque esto evidencia el respaldo hacia este gobierno\u201d, coment\u00f3.<\/p>\n\n\n\n<p>El dirigente de Morena respald\u00f3 la petici\u00f3n realizada por la diputaci\u00f3n local, para que se investigue el mal uso de los recursos p\u00fablicos por parte de la administraci\u00f3n del invierno priista, espec\u00edficamente por el desv\u00edo de tres mil millones de pesos en el rubro de salud.<\/p>\n","protected":false},"excerpt":{"rendered":"<p>Redacci\u00f3n\/Zona Roja. Oaxaca de Ju\u00e1rez, Oax.,a 1 de maro de 2025.- El presidente del Comit\u00e9&hellip;<\/p>\n","protected":false},"author":2,"featured_media":78002,"comment_status":"closed","ping_status":"open","sticky":false,"template":"","format":"standard","meta":{"_lmt_disableupdate":"","_lmt_disable":"","_jetpack_memberships_contains_paid_content":false,"footnotes":""},"categories":[109,46],"tags":[4128],"class_list":["post-78001","post","type-post","status-publish","format-standard","has-post-thumbnail","hentry","category-minuto-a-minuto","category-zona-blanca","tag-emmanuel-navarro-jara"],"jetpack_featured_media_url":"https:\/\/zonaroja.com.mx\/wp-content\/uploads\/2025\/03\/Conferencia-de-Morena-Oaxaca-Emmanuel-Navarro.jpg","jetpack_sharing_enabled":true,"_links":{"self":[{"href":"https:\/\/zonaroja.com.mx\/index.php?rest_route=\/wp\/v2\/posts\/78001","targetHints":{"allow":["GET"]}}],"collection":[{"href":"https:\/\/zonaroja.com.mx\/index.php?rest_route=\/wp\/v2\/posts"}],"about":[{"href":"https:\/\/zonaroja.com.mx\/index.php?rest_route=\/wp\/v2\/types\/post"}],"author":[{"embeddable":true,"href":"https:\/\/zonaroja.com.mx\/index.php?rest_route=\/wp\/v2\/users\/2"}],"replies":[{"embeddable":true,"href":"https:\/\/zonaroja.com.mx\/index.php?rest_route=%2Fwp%2Fv2%2Fcomments&post=78001"}],"version-history":[{"count":1,"href":"https:\/\/zonaroja.com.mx\/index.php?rest_route=\/wp\/v2\/posts\/78001\/revisions"}],"predecessor-version":[{"id":78003,"href":"https:\/\/zonaroja.com.mx\/index.php?rest_route=\/wp\/v2\/posts\/78001\/revisions\/78003"}],"wp:featuredmedia":[{"embeddable":true,"href":"https:\/\/zonaroja.com.mx\/index.php?rest_route=\/wp\/v2\/media\/78002"}],"wp:attachment":[{"href":"https:\/\/zonaroja.com.mx\/index.php?rest_route=%2Fwp%2Fv2%2Fmedia&parent=78001"}],"wp:term":[{"taxonomy":"category","embeddable":true,"href":"https:\/\/zonaroja.com.mx\/index.php?rest_route=%2Fwp%2Fv2%2Fcategories&post=78001"},{"taxonomy":"post_tag","embeddable":true,"href":"https:\/\/zonaroja.com.mx\/index.php?rest_route=%2Fwp%2Fv2%2Ftags&post=78001"}],"curies":[{"name":"wp","href":"https:\/\/api.w.org\/{rel}","templated":true}]}}