{"id":78007,"date":"2025-03-01T12:47:00","date_gmt":"2025-03-01T18:47:00","guid":{"rendered":"https:\/\/zonaroja.com.mx\/?p=78007"},"modified":"2025-03-01T07:48:24","modified_gmt":"2025-03-01T13:48:24","slug":"opinion-democratizan-el-poder-judicial","status":"publish","type":"post","link":"https:\/\/zonaroja.com.mx\/?p=78007","title":{"rendered":"Opini\u00f3n. Democratizan el Poder Judicial"},"content":{"rendered":"\n<p>Marco Gonz\u00e1lez Kuri&nbsp;<\/p>\n\n\n\n<p>Seg\u00fan las encuestas y sondeos, m\u00e1s del 77% de la ciudadan\u00eda en M\u00e9xico opina que deb\u00eda haber una reforma al Poder Judicial y no les gustaba su funcionamiento, y como no hay fecha que no se llegue y plazo que no se cumple, el domingo&nbsp;1&nbsp;de junio se llevar\u00e1 a cabo la primera elecci\u00f3n&nbsp;para ministros, magistrados y jueces.<\/p>\n\n\n\n<p>Tenemos la obligaci\u00f3n y el derecho de votar; despu\u00e9s no se valen quejas sobre los juzgadores electos.&nbsp;<\/p>\n\n\n\n<p>En un&nbsp;sondeo realizado por&nbsp;el Instituto de Ingenier\u00eda Estrat\u00e9gica indic\u00f3 que&nbsp;el 55%&nbsp;de personas&nbsp;aprobaba la reforma al Poder Judicial,&nbsp;el 22% afirma que el sistema de justicia&nbsp;estaba mal,&nbsp;pero esta reforma NO ayudar\u00e1&nbsp;a solucionarlo. Y el 20% afirma que el&nbsp;Poder&nbsp;Judicial era correcto y no requer\u00eda reforma.&nbsp;<\/p>\n\n\n\n<p>La SCJN,&nbsp;se integrar\u00e1&nbsp;por&nbsp;nueve&nbsp;ministros,&nbsp;que&nbsp;tendr\u00e1n&nbsp;dos salas con&nbsp;cuatro ministros cada una,&nbsp;m\u00e1s&nbsp;el presidente de la corte,&nbsp;la primera resolver\u00e1&nbsp;asuntos civiles y penales, la segunda se encarga de asuntos administrativos y laborales.&nbsp;<\/p>\n\n\n\n<p>El&nbsp;Consejo de la Judicatura Federal (CJF)&nbsp;concentra 273 Tribunales Colegiados de Circuito; 101 Tribunales Unitarios de Circuito; 449 Juzgados de Distrito; 41 Centros de Justicia Penal Federal; 1 Centro Nacional de Justicia Especializado; 43 Tribunales Laborales Federales; 13 Plenos de Circuito.&nbsp;<\/p>\n\n\n\n<p>El&nbsp;Tribunal Electoral del Poder Judicial de la Federaci\u00f3n (TEPJF)&nbsp;es&nbsp;\u00faltima instancia jurisdiccional en materia electoral,&nbsp;formada&nbsp;por siete magistraturas electorales, cinco salas regionales y una sala especializada, con tres magistrados cada una.<\/p>\n\n\n\n<p>Seg\u00fan datos del&nbsp;CJF, hay&nbsp;772 jueces federales y 951 magistrados en activo, lo que da un total de mil 723 titulares en los 32 circuitos del Poder Judicial de la Federaci\u00f3n (PJF).&nbsp;En&nbsp;este 2025,&nbsp;s\u00f3lo se elegir\u00e1 a la mitad de los cargos, cerca de 860&nbsp;juzgadores federales adem\u00e1s de los nueve&nbsp;ministros de la Corte.<\/p>\n\n\n\n<p>Los cinco&nbsp;magistrados del&nbsp;Tribunal de Disciplina Judicial&nbsp;(TDJ), que sustituir\u00e1 al CJF; tres magistrados que faltan en la Sala Superior del Tribunal Electoral del Poder Judicial de la Federaci\u00f3n y 15 magistrados de las cinco salas regionales de dicha instituci\u00f3n.<\/p>\n\n\n\n<p>Los aspirantes&nbsp;a&nbsp;ocupar&nbsp;los cargos de ministro, magistrado o&nbsp;juez debieron&nbsp;acreditar la licenciatura en derecho,&nbsp;contar con&nbsp;experiencia jur\u00eddica probada m\u00ednima de 5 a\u00f1os,&nbsp;entregar&nbsp;un ensayo,&nbsp;adem\u00e1s de&nbsp;5 cartas de referencia&nbsp;o recomendaci\u00f3n, los ministros, magistrados y jueces en funciones participaran&nbsp;sin necesidad de presentar&nbsp;los requisitos anteriores.<\/p>\n\n\n\n<p>Adem\u00e1s&nbsp;de los grandes sueldos,&nbsp;sobresueldos&nbsp;y prestaciones&nbsp;con se cuenta dentro del Poder Judicial, se han mostrado&nbsp;graves problemas&nbsp;de&nbsp;nepotismo donde&nbsp;al menos 7 mil servidores p\u00fablicos del Poder Judicial comparten espacio laboral con&nbsp;familiares.&nbsp;Esto&nbsp;equivale a que&nbsp;m\u00e1s&nbsp;del 50% de los jueces y magistrados han registrado a&nbsp;parientes&nbsp;en&nbsp;plazas laborales&nbsp;de&nbsp;este poder.<\/p>\n\n\n\n<p>Para el proceso&nbsp;electoral&nbsp;de candidatos&nbsp;o aspirantes&nbsp;a ministros, magistrados&nbsp;y jueces,&nbsp;tendr\u00e1n&nbsp;permitido&nbsp;lo siguiente; difundir&nbsp;su trayectoria profesional,&nbsp;entregar&nbsp;propaganda y material impreso en papeler\u00eda o&nbsp;textiles que sean ecol\u00f3gicos, hacer uso de&nbsp;sus redes sociales, producir im\u00e1genes y videos&nbsp;para&nbsp;difundirlos&nbsp;dentro de sus redes sociales&nbsp;su posicionamiento, construir redes de apoyo y acudir a eventos y debates p\u00fablicos.&nbsp;Las&nbsp;prohibiciones&nbsp;son; contratar pautas&nbsp;en radio, televisi\u00f3n y&nbsp;pautas en&nbsp;redes sociales, realizar actos de&nbsp;anticipados&nbsp;campa\u00f1a,&nbsp;contratar encuestas o sondeos&nbsp;de opini\u00f3n, utilizar s\u00edmbolos religiosos, hacer proselitismo en el extranjero, recibir apoyo de difusi\u00f3n de alg\u00fan partido pol\u00edtico.&nbsp;Y&nbsp;no podr\u00e1n&nbsp;recibir financiamiento&nbsp;p\u00fablico&nbsp;o privado&nbsp;de ninguna&nbsp;naturaleza, ya sea efectivo o especie.&nbsp;<\/p>\n\n\n\n<p>El financiamiento de sus actividades&nbsp;ser\u00e1&nbsp;con recursos propios,&nbsp;por lo que previo a la jornada deber\u00e1n&nbsp;presentar un informe con&nbsp;su capacidad financiera&nbsp;y&nbsp;al final&nbsp;un reporte financiero sobre el origen y destino de los gastos para la campa\u00f1a.<\/p>\n\n\n\n<p>Considero&nbsp;habr\u00e1&nbsp;una votaci\u00f3n baja, independientemente que el&nbsp;51% del electorado,&nbsp;que manifest\u00f3&nbsp;en el sondeo&nbsp;su&nbsp;intenci\u00f3n de ir a&nbsp;votar,&nbsp;tambi\u00e9n que entre&nbsp;el&nbsp;80% de los panistas, priistas y&nbsp;\u201cheather\u201d&nbsp;de AMLO dicen no ir\u00e1n a votar,&nbsp;estimo la votaci\u00f3n fluctuar\u00e1&nbsp;entre el&nbsp;16&nbsp;y el&nbsp;22% del electorado&nbsp;como m\u00e1ximo.<\/p>\n","protected":false},"excerpt":{"rendered":"<p>Marco Gonz\u00e1lez Kuri&nbsp; Seg\u00fan las encuestas y sondeos, m\u00e1s del 77% de la ciudadan\u00eda en&hellip;<\/p>\n","protected":false},"author":2,"featured_media":70868,"comment_status":"closed","ping_status":"open","sticky":false,"template":"","format":"standard","meta":{"_lmt_disableupdate":"","_lmt_disable":"","_jetpack_memberships_contains_paid_content":false,"footnotes":""},"categories":[456,109],"tags":[4234],"class_list":["post-78007","post","type-post","status-publish","format-standard","has-post-thumbnail","hentry","category-columna","category-minuto-a-minuto","tag-marco-gonzalez-kuri"],"jetpack_featured_media_url":"https:\/\/zonaroja.com.mx\/wp-content\/uploads\/2024\/07\/Opinion-Zona-Critica.jpg","jetpack_sharing_enabled":true,"_links":{"self":[{"href":"https:\/\/zonaroja.com.mx\/index.php?rest_route=\/wp\/v2\/posts\/78007","targetHints":{"allow":["GET"]}}],"collection":[{"href":"https:\/\/zonaroja.com.mx\/index.php?rest_route=\/wp\/v2\/posts"}],"about":[{"href":"https:\/\/zonaroja.com.mx\/index.php?rest_route=\/wp\/v2\/types\/post"}],"author":[{"embeddable":true,"href":"https:\/\/zonaroja.com.mx\/index.php?rest_route=\/wp\/v2\/users\/2"}],"replies":[{"embeddable":true,"href":"https:\/\/zonaroja.com.mx\/index.php?rest_route=%2Fwp%2Fv2%2Fcomments&post=78007"}],"version-history":[{"count":1,"href":"https:\/\/zonaroja.com.mx\/index.php?rest_route=\/wp\/v2\/posts\/78007\/revisions"}],"predecessor-version":[{"id":78008,"href":"https:\/\/zonaroja.com.mx\/index.php?rest_route=\/wp\/v2\/posts\/78007\/revisions\/78008"}],"wp:featuredmedia":[{"embeddable":true,"href":"https:\/\/zonaroja.com.mx\/index.php?rest_route=\/wp\/v2\/media\/70868"}],"wp:attachment":[{"href":"https:\/\/zonaroja.com.mx\/index.php?rest_route=%2Fwp%2Fv2%2Fmedia&parent=78007"}],"wp:term":[{"taxonomy":"category","embeddable":true,"href":"https:\/\/zonaroja.com.mx\/index.php?rest_route=%2Fwp%2Fv2%2Fcategories&post=78007"},{"taxonomy":"post_tag","embeddable":true,"href":"https:\/\/zonaroja.com.mx\/index.php?rest_route=%2Fwp%2Fv2%2Ftags&post=78007"}],"curies":[{"name":"wp","href":"https:\/\/api.w.org\/{rel}","templated":true}]}}