{"id":78009,"date":"2025-03-01T14:50:00","date_gmt":"2025-03-01T20:50:00","guid":{"rendered":"https:\/\/zonaroja.com.mx\/?p=78009"},"modified":"2025-03-01T07:52:58","modified_gmt":"2025-03-01T13:52:58","slug":"oaxaca-hara-historia-al-arrancar-con-la-construccion-de-12-mil-viviendas","status":"publish","type":"post","link":"https:\/\/zonaroja.com.mx\/?p=78009","title":{"rendered":"Oaxaca har\u00e1 historia al arrancar con la construcci\u00f3n de 12 mil viviendas"},"content":{"rendered":"\n<p>Redacci\u00f3n\/Zona Roja.<\/p>\n\n\n\n<p>Oaxaca de Ju\u00e1rez, Oax., a 1 de marzo de 2025 \u2013 El diputado Israel L\u00f3pez S\u00e1nchez, del Grupo Parlamentario de Morena, agradeci\u00f3 ante el pleno del Congreso del Estado de Oaxaca la confianza de la Presidenta Claudia Sheinbaum Pardo para que Oaxaca sea una de las primeras entidades en donde inicia el Plan Nacional de Vivienda para el Bienestar.<\/p>\n\n\n\n<p>Lo anterior, al recordar que el mi\u00e9rcoles 19 de febrero del a\u00f1o en curso el gobernador del estado, Salom\u00f3n Jara Cruz, firm\u00f3 un convenio con los titulares del Instituto del Fondo Nacional de Vivienda para los Trabajadores el Infonavit, la Secretar\u00eda de Desarrollo Agrario, Territorial y Urbano, el Instituto Nacional del Suelo Sustentable, la Comisi\u00f3n Nacional de Vivienda y el Fondo de la Vivienda del Instituto de Seguridad y Servicios Sociales de los Trabajadores del Estado; como parte del Plan Nacional de Vivienda para el Bienestar.<\/p>\n\n\n\n<p>Mediante el convenio mencionado, Oaxaca nuevamente har\u00e1 historia al arrancar con la construcci\u00f3n de las primeras 12 mil viviendas de un total 66 mil viviendas (26 mil para derechohabientes del Infonavit y 40 mil viviendas para no derechohabientes).<\/p>\n\n\n\n<p>Esta inversi\u00f3n, dijo el legislador, representa un impulso para que la econom\u00eda contin\u00fae en la ruta de crecimiento, toda vez que generar\u00e1 m\u00e1s de 297 mil empleos directos y m\u00e1s de 445 mil empleos indirectos.<\/p>\n\n\n\n<p>\u201cAgradecemos la confianza de nuestra presidenta la Doctora Claudia Sheinbaum Pardo para que Oaxaca sea una de las primeras entidades en donde inicia el Plan Nacional de Vivienda para el Bienestar\u201d, mencion\u00f3 durante su intervenci\u00f3n.<\/p>\n\n\n\n<p>Como presidente de la Comisi\u00f3n de infraestructura y Comunicaciones de la Sexag\u00e9sima Sexta Legislatura, Israel L\u00f3pez expres\u00f3 su reconocimiento tanto a la Presidenta como al gobernador por esta megaobra que beneficiar\u00e1 a la poblaci\u00f3n oaxaque\u00f1a m\u00e1s vulnerable: jefas de familia, j\u00f3venes, personas ind\u00edgenas, adultos mayores y personas con discapacidad, entre otros sectores vulnerables.<\/p>\n\n\n\n<p>\u201cGracias presidenta, Doctora Claudia Sheinbaum Pardo, por todo el respaldo al pueblo de Oaxaca, por hacerle justicia nuestro Estado; y gracias Gobernador, Ingeniero Salom\u00f3n Jara Cruz, por ese gran liderazgo de trabajar d\u00eda a d\u00eda por la transformaci\u00f3n de Oaxaca\u201d, remat\u00f3 en su discurso el diputado L\u00f3pez S\u00e1nchez.<\/p>\n\n\n\n<p>\u201cQue nadie se quede atr\u00e1s, que nadie se quede afuera. La primavera oaxaque\u00f1a sigue floreciendo de la mano de nuestro pueblo\u201d finaliz\u00f3.<\/p>\n","protected":false},"excerpt":{"rendered":"<p>Redacci\u00f3n\/Zona Roja. Oaxaca de Ju\u00e1rez, Oax., a 1 de marzo de 2025 \u2013 El diputado&hellip;<\/p>\n","protected":false},"author":2,"featured_media":78010,"comment_status":"closed","ping_status":"open","sticky":false,"template":"","format":"standard","meta":{"_lmt_disableupdate":"","_lmt_disable":"","_jetpack_memberships_contains_paid_content":false,"footnotes":""},"categories":[109,46],"tags":[4127],"class_list":["post-78009","post","type-post","status-publish","format-standard","has-post-thumbnail","hentry","category-minuto-a-minuto","category-zona-blanca","tag-israel-lopez-sanchez"],"jetpack_featured_media_url":"https:\/\/zonaroja.com.mx\/wp-content\/uploads\/2025\/03\/Israel-Lopez-Sanchez.jpeg","jetpack_sharing_enabled":true,"_links":{"self":[{"href":"https:\/\/zonaroja.com.mx\/index.php?rest_route=\/wp\/v2\/posts\/78009","targetHints":{"allow":["GET"]}}],"collection":[{"href":"https:\/\/zonaroja.com.mx\/index.php?rest_route=\/wp\/v2\/posts"}],"about":[{"href":"https:\/\/zonaroja.com.mx\/index.php?rest_route=\/wp\/v2\/types\/post"}],"author":[{"embeddable":true,"href":"https:\/\/zonaroja.com.mx\/index.php?rest_route=\/wp\/v2\/users\/2"}],"replies":[{"embeddable":true,"href":"https:\/\/zonaroja.com.mx\/index.php?rest_route=%2Fwp%2Fv2%2Fcomments&post=78009"}],"version-history":[{"count":1,"href":"https:\/\/zonaroja.com.mx\/index.php?rest_route=\/wp\/v2\/posts\/78009\/revisions"}],"predecessor-version":[{"id":78011,"href":"https:\/\/zonaroja.com.mx\/index.php?rest_route=\/wp\/v2\/posts\/78009\/revisions\/78011"}],"wp:featuredmedia":[{"embeddable":true,"href":"https:\/\/zonaroja.com.mx\/index.php?rest_route=\/wp\/v2\/media\/78010"}],"wp:attachment":[{"href":"https:\/\/zonaroja.com.mx\/index.php?rest_route=%2Fwp%2Fv2%2Fmedia&parent=78009"}],"wp:term":[{"taxonomy":"category","embeddable":true,"href":"https:\/\/zonaroja.com.mx\/index.php?rest_route=%2Fwp%2Fv2%2Fcategories&post=78009"},{"taxonomy":"post_tag","embeddable":true,"href":"https:\/\/zonaroja.com.mx\/index.php?rest_route=%2Fwp%2Fv2%2Ftags&post=78009"}],"curies":[{"name":"wp","href":"https:\/\/api.w.org\/{rel}","templated":true}]}}