{"id":78013,"date":"2025-03-01T14:53:31","date_gmt":"2025-03-01T20:53:31","guid":{"rendered":"https:\/\/zonaroja.com.mx\/?p=78013"},"modified":"2025-03-01T14:53:31","modified_gmt":"2025-03-01T20:53:31","slug":"reportan-ong-asesinato-de-un-defensor-de-la-tierra-en-tehuantepec","status":"publish","type":"post","link":"https:\/\/zonaroja.com.mx\/?p=78013","title":{"rendered":"Reportan ONG asesinato de un defensor de la tierra en Tehuantepec&nbsp;"},"content":{"rendered":"\n<p>Raymundo Morales\/Zona Roja.&nbsp;<\/p>\n\n\n\n<p>Oaxaca de Ju\u00e1rez, Oax., a 1 de marzo de 2025.- El&nbsp;Centro de Derechos Humanos y Asesor\u00edas a Pueblos Ind\u00edgenas (Cedhapi) denunci\u00f3 el asesinato de un defensor de la tierra en Santo Domingo Tehuantepec y exigi\u00f3 que el caso se investigue y castigue a la brevedad.&nbsp;<\/p>\n\n\n\n<p>En un comunicado, explic\u00f3 que ayer&nbsp;aproximadamente&nbsp;a las seis de la tarde,&nbsp;en el momento en que el defensor comunitario de la tierra&nbsp;&nbsp;y territorio integrante del colectivo de defensores ambientalistas de Barra de la Cruz, Cristino Castro Perea, de 63 a\u00f1os de edad,&nbsp;se encontraba en el kiosco&nbsp;de su&nbsp;comunidad,&nbsp;<\/p>\n\n\n\n<p>dos personas que iban a bordo de una motocicleta le realizaron varios disparos de arma de fuego, quit\u00e1ndole la vida.<\/p>\n\n\n\n<p>Destac\u00f3 que, en el a\u00f1o 2023, el hoy occiso fue incorporado al Mecanismo de Protecci\u00f3n para personas Defensoras de Derechos Humanos y Periodistas, para que se garantizara su labor de defensor de la tierra y el territorio, su protecci\u00f3n y auxilio por encontrarse en una situaci\u00f3n de riesgo.<\/p>\n\n\n\n<p>Record\u00f3 que en el a\u00f1o 2013, un grupo de personas intento apoderarse de varios terrenos a orilla de la playa de una extensi\u00f3n aproximada de 24 hect\u00e1reas.<\/p>\n\n\n\n<p>Presuntamente estaban financiados por persona externas de grupos de poder econ\u00f3mico y pol\u00edtico de la regi\u00f3n de la Costa con el objeto de lotificar y vender a empresarios hoteleros.<\/p>\n\n\n\n<p>El 16 de febrero del 2022,&nbsp;un grupo liderado por personas ajenas a la comunidad de Barra de la Cruz, llegaron con m\u00e1quinas realizando la destrucci\u00f3n de manglares en el paraje conocido como \u201cEl Nanche\u201d, a pesar de que el d\u00eda 28 de marzo del 2021, en asamblea general de San Isidro Chicalapa acordaron de respetar a las comunidades vecinas como es Barra de la Cruz.<\/p>\n\n\n\n<p>El 29 de diciembre del 2023, el entonces Presidente de la Rep\u00fablica, Andr\u00e9s Manuel L\u00f3pez Obrador,&nbsp;declar\u00f3 \u00e1rea natural protegida&nbsp;con la categor\u00eda de santuario el sitio Barra de la Cruz, Playa Grande, ubicado en el istmo de Tehuantepec, que abarca la superficie de 56-19-13.67 hect\u00e1reas. Por lo cual no estar\u00eda justificada ninguna intromisi\u00f3n de alg\u00fan grupo pol\u00edtico de la regi\u00f3n para desestabilizar la lucha de los defensores ambientalistas de Barra de Cruz.<\/p>\n\n\n\n<p>Ante ello, el Cedhapi exigi\u00f3 que a la brevedad se&nbsp;inicie carpeta de investigaci\u00f3n por el homicidio del defensor Cristino Castro Perea y se sancione a los culpables.&nbsp;<\/p>\n\n\n\n<p>Asimismo, que al gobierno estatal y el federal realicen las acciones necesarias&nbsp;tendientes a garantizar la vida e integridad f\u00edsica de los miembros del colectivo de defensores ambientalista de Barra de la Cruz.<\/p>\n","protected":false},"excerpt":{"rendered":"<p>Raymundo Morales\/Zona Roja.&nbsp; Oaxaca de Ju\u00e1rez, Oax., a 1 de marzo de 2025.- El&nbsp;Centro de&hellip;<\/p>\n","protected":false},"author":2,"featured_media":78012,"comment_status":"closed","ping_status":"open","sticky":false,"template":"","format":"standard","meta":{"_lmt_disableupdate":"","_lmt_disable":"","_jetpack_memberships_contains_paid_content":false,"footnotes":""},"categories":[109,51],"tags":[],"class_list":["post-78013","post","type-post","status-publish","format-standard","has-post-thumbnail","hentry","category-minuto-a-minuto","category-zona-roja"],"jetpack_featured_media_url":"https:\/\/zonaroja.com.mx\/wp-content\/uploads\/2025\/03\/img_0210-1.jpg","jetpack_sharing_enabled":true,"_links":{"self":[{"href":"https:\/\/zonaroja.com.mx\/index.php?rest_route=\/wp\/v2\/posts\/78013","targetHints":{"allow":["GET"]}}],"collection":[{"href":"https:\/\/zonaroja.com.mx\/index.php?rest_route=\/wp\/v2\/posts"}],"about":[{"href":"https:\/\/zonaroja.com.mx\/index.php?rest_route=\/wp\/v2\/types\/post"}],"author":[{"embeddable":true,"href":"https:\/\/zonaroja.com.mx\/index.php?rest_route=\/wp\/v2\/users\/2"}],"replies":[{"embeddable":true,"href":"https:\/\/zonaroja.com.mx\/index.php?rest_route=%2Fwp%2Fv2%2Fcomments&post=78013"}],"version-history":[{"count":1,"href":"https:\/\/zonaroja.com.mx\/index.php?rest_route=\/wp\/v2\/posts\/78013\/revisions"}],"predecessor-version":[{"id":78014,"href":"https:\/\/zonaroja.com.mx\/index.php?rest_route=\/wp\/v2\/posts\/78013\/revisions\/78014"}],"wp:featuredmedia":[{"embeddable":true,"href":"https:\/\/zonaroja.com.mx\/index.php?rest_route=\/wp\/v2\/media\/78012"}],"wp:attachment":[{"href":"https:\/\/zonaroja.com.mx\/index.php?rest_route=%2Fwp%2Fv2%2Fmedia&parent=78013"}],"wp:term":[{"taxonomy":"category","embeddable":true,"href":"https:\/\/zonaroja.com.mx\/index.php?rest_route=%2Fwp%2Fv2%2Fcategories&post=78013"},{"taxonomy":"post_tag","embeddable":true,"href":"https:\/\/zonaroja.com.mx\/index.php?rest_route=%2Fwp%2Fv2%2Ftags&post=78013"}],"curies":[{"name":"wp","href":"https:\/\/api.w.org\/{rel}","templated":true}]}}