{"id":78022,"date":"2025-03-02T08:34:00","date_gmt":"2025-03-02T14:34:00","guid":{"rendered":"https:\/\/zonaroja.com.mx\/?p=78022"},"modified":"2025-03-02T06:37:26","modified_gmt":"2025-03-02T12:37:26","slug":"van-cuatro-colaboradores-de-ex-gobernador-de-michoacan-detenidos","status":"publish","type":"post","link":"https:\/\/zonaroja.com.mx\/?p=78022","title":{"rendered":"Van cuatro colaboradores de ex gobernador de Michoac\u00e1n detenidos"},"content":{"rendered":"\n<p>Redacci\u00f3n\/Zona Roja Cdmx.<\/p>\n\n\n\n<p>Ciudad de M\u00e9xico, a 2 de marzo de 2025.- Los cuatro ex colaboradores de Silvano Aureoles Conejo, acusados de desv\u00edo de recursos y causar un da\u00f1o patrimonial de mil millones de pesos al erario, fueron trasladados al reclusorio Oriente, y puestos a disposici\u00f3n de un juez con sede en el Reclusorio Oriente, informaron fuentes de la Agencia de Investigaci\u00f3n criminal (AIC) de la Fiscal\u00eda General de la Rep\u00fablica (FGR).<\/p>\n\n\n\n<p>Luego de su detenci\u00f3n, ex secretario de Finanzas, Carlos Maldonado, Mario Delgado Murillo, ex delegado de Finanzas de la Secretar\u00eda de Seguridad P\u00fablica; Elizabeth Villegas Pineda, ex delegada administrativa, y Antonio Bernal Bustamante, el primer titular de Seguridad durante el gobierno de Aureoles Conejo, comparecer\u00e1n en las pr\u00f3ximas horas ante un juez federal.<\/p>\n\n\n\n<p>Durante la audiencia inicial, el impartidor de justicia deber\u00e1 determinar si las aprehensiones se realizaron de manera legal, luego se dar\u00e1n a conde los delitos que se les imputan y se definir\u00e1 su situaci\u00f3n jur\u00eddica.<\/p>\n\n\n\n<p>Hasta el momento Silvano Aureoles no ha sido detenido.<\/p>\n\n\n\n<p>A las 21 horas, la jueza Patricia S\u00e1nchez Nava comenz\u00f3 la audiencia inicial para los cuatro ex colaboradores de Aureoles Conejo, y ante el c\u00famulo de informaci\u00f3n contenida en los expedientes, la defensa de los que ser\u00e1n imputados solicit\u00f3 que les dieran tiempo para conocer las pruebas que presentar\u00e1 la FGR en su contra.<\/p>\n\n\n\n<p>Por ello la diligencia penal se reanudar\u00e1 en las pr\u00f3ximas horas.<\/p>\n\n\n\n<p>(Informaci\u00f3n de \u201cLa Jornada\u201d)<\/p>\n","protected":false},"excerpt":{"rendered":"<p>Redacci\u00f3n\/Zona Roja Cdmx. Ciudad de M\u00e9xico, a 2 de marzo de 2025.- Los cuatro ex&hellip;<\/p>\n","protected":false},"author":2,"featured_media":78023,"comment_status":"closed","ping_status":"open","sticky":false,"template":"","format":"standard","meta":{"_lmt_disableupdate":"","_lmt_disable":"","_jetpack_memberships_contains_paid_content":false,"footnotes":""},"categories":[109,47],"tags":[3324],"class_list":["post-78022","post","type-post","status-publish","format-standard","has-post-thumbnail","hentry","category-minuto-a-minuto","category-zona-gris","tag-silvano-aureoles"],"jetpack_featured_media_url":"https:\/\/zonaroja.com.mx\/wp-content\/uploads\/2025\/03\/Detenidos-Michoacan-Silvano-Aureoles.jpg","jetpack_sharing_enabled":true,"_links":{"self":[{"href":"https:\/\/zonaroja.com.mx\/index.php?rest_route=\/wp\/v2\/posts\/78022","targetHints":{"allow":["GET"]}}],"collection":[{"href":"https:\/\/zonaroja.com.mx\/index.php?rest_route=\/wp\/v2\/posts"}],"about":[{"href":"https:\/\/zonaroja.com.mx\/index.php?rest_route=\/wp\/v2\/types\/post"}],"author":[{"embeddable":true,"href":"https:\/\/zonaroja.com.mx\/index.php?rest_route=\/wp\/v2\/users\/2"}],"replies":[{"embeddable":true,"href":"https:\/\/zonaroja.com.mx\/index.php?rest_route=%2Fwp%2Fv2%2Fcomments&post=78022"}],"version-history":[{"count":1,"href":"https:\/\/zonaroja.com.mx\/index.php?rest_route=\/wp\/v2\/posts\/78022\/revisions"}],"predecessor-version":[{"id":78024,"href":"https:\/\/zonaroja.com.mx\/index.php?rest_route=\/wp\/v2\/posts\/78022\/revisions\/78024"}],"wp:featuredmedia":[{"embeddable":true,"href":"https:\/\/zonaroja.com.mx\/index.php?rest_route=\/wp\/v2\/media\/78023"}],"wp:attachment":[{"href":"https:\/\/zonaroja.com.mx\/index.php?rest_route=%2Fwp%2Fv2%2Fmedia&parent=78022"}],"wp:term":[{"taxonomy":"category","embeddable":true,"href":"https:\/\/zonaroja.com.mx\/index.php?rest_route=%2Fwp%2Fv2%2Fcategories&post=78022"},{"taxonomy":"post_tag","embeddable":true,"href":"https:\/\/zonaroja.com.mx\/index.php?rest_route=%2Fwp%2Fv2%2Ftags&post=78022"}],"curies":[{"name":"wp","href":"https:\/\/api.w.org\/{rel}","templated":true}]}}