{"id":78029,"date":"2025-03-02T11:09:00","date_gmt":"2025-03-02T17:09:00","guid":{"rendered":"https:\/\/zonaroja.com.mx\/?p=78029"},"modified":"2025-03-02T07:13:12","modified_gmt":"2025-03-02T13:13:12","slug":"jufed-rechaza-acusacion-de-harfuch-y-niega-que-jueces-tengan-acuerdos-con-narcos","status":"publish","type":"post","link":"https:\/\/zonaroja.com.mx\/?p=78029","title":{"rendered":"Jufed rechaza acusaci\u00f3n de Harfuch y niega que jueces tengan acuerdos con narcos"},"content":{"rendered":"\n<p>Redacci\u00f3n\/Zona Roja Cdmx.<\/p>\n\n\n\n<p>Ciudad de M\u00e9xico, a 2 de marzo de 2025.- Juzgadoras y juzgadores federales respondieron este s\u00e1bado a las declaraciones del secretario de Seguridad, Omar Garc\u00eda Harfuch, quien este viernes asegur\u00f3 que la decisi\u00f3n de entregar a Estados Unidos a los 29 narcotraficantes mexicanos se debi\u00f3 a que algunos jueces estaban listos para liberar a varios de los capos trasladados.<\/p>\n\n\n\n<p>A trav\u00e9s de un comunicado, la Asociaci\u00f3n Nacional de Magistrados de Circuito y Jueces de Distrito del Poder Judicial de la Federaci\u00f3n (Jufed), rechaz\u00f3 dichas declaraciones \u00absin sustento\u00bb y que acus\u00f3, \u00abbuscan distraer la atenci\u00f3n ante evidencias de que las acciones en seguridad se han hecho por presiones internacionales y no por el inter\u00e9s de proteger a las y los mexicanos\u00bb.<\/p>\n\n\n\n<p>Este viernes, en conferencia de prensa, el secretario de Seguridad P\u00fablica y Protecci\u00f3n Ciudadana, Omar Garc\u00eda Harfuch, justific\u00f3 el env\u00edo de los 29 delincuentes a Estados Unidos en que hab\u00eda posibilidades de que algunos fueran liberados.<\/p>\n\n\n\n<p>\u00abEl Gabinete de Seguridad cuenta con informaci\u00f3n que exist\u00eda un riesgo de que algunos de estos objetivos solicitados por el gobierno de Estados Unidos fueran liberados o siguieran atras\u00e1ndose sus procesos de extradici\u00f3n, derivado de acuerdo con algunos jueces que buscaban favorecerlos, como ya se hab\u00eda hecho en otras ocasiones y durante muchos a\u00f1os\u00bb, plante\u00f3 el secretario.<\/p>\n\n\n\n<p>Expuso que algunos de los 29 \u201cgeneradores de violencia\u201d eran requeridos por Estados Unidos desde hace 40 a\u00f1os, y otros m\u00e1s desde hace 11.<\/p>\n\n\n\n<p>Garc\u00eda Harfuch sostuvo adem\u00e1s que \u201clos m\u00e1s beneficiados con esta acci\u00f3n somos los mexicanos\u201d, al destacar que estos criminales estaban implicados en homicidios, extorsi\u00f3n y corrupci\u00f3n.<\/p>\n\n\n\n<p>EL RECLAMO<\/p>\n\n\n\n<p>Ante estas declaraciones, la Jufed emiti\u00f3 este s\u00e1bado un comunicado de prensa en el que advirti\u00f3 que los dichos de Garc\u00eda Harfuch fueron realizadas sin sustento y con el fin de distraer la atenci\u00f3n de la opini\u00f3n p\u00fablica, \u00abante las evidencias de que las \u00faltimas acciones en materia de seguridad han sido realizadas por presiones internacionales y no por el inter\u00e9s de proteger la integridad, vida y patrimonio de las mexicanos\u00bb,<\/p>\n\n\n\n<p>\u00abResulta evidente que dichas declaraciones irresponsables pretenden utilizar a las personas juzgadoras federales como pretexto para desviar la atenci\u00f3n ante claros se\u00f1alamientos de protecci\u00f3n a ciertos grupos realizados por autoridades de Estados Unidos\u00bb, apunt\u00f3 la Jufed.<\/p>\n\n\n\n<p>Jueces y juezas rechazaron adem\u00e1s que existan acuerdos para favorecer intereses ilegales, pues remarc\u00f3 que se carece de cualquier sustento probatorio.<\/p>\n\n\n\n<p>\u00abLa seguridad y la justicia en M\u00e9xico no se construyen con discursos que buscan deslegitimar al Poder Judicial ni con intentos de debilitar las instituciones, sino atacando las causas, acciones que no han sido realizadas sino hasta la denuncia de un gobierno extranjero\u00bb.<\/p>\n\n\n\n<p>Finalmente, la Jufed exigi\u00f3 respeto a la labor judicial y exhort\u00f3 a los representantes del Poder Ejecutivo a conducirse con responsabilidad y apego a la Constituci\u00f3n.<\/p>\n\n\n\n<p>(Informaci\u00f3n de \u201cExpansi\u00f3n Pol\u00edtica\u201d)<\/p>\n","protected":false},"excerpt":{"rendered":"<p>Redacci\u00f3n\/Zona Roja Cdmx. Ciudad de M\u00e9xico, a 2 de marzo de 2025.- Juzgadoras y juzgadores&hellip;<\/p>\n","protected":false},"author":2,"featured_media":78030,"comment_status":"closed","ping_status":"open","sticky":false,"template":"","format":"standard","meta":{"_lmt_disableupdate":"","_lmt_disable":"","_jetpack_memberships_contains_paid_content":false,"footnotes":""},"categories":[109,47],"tags":[1791],"class_list":["post-78029","post","type-post","status-publish","format-standard","has-post-thumbnail","hentry","category-minuto-a-minuto","category-zona-gris","tag-omar-garcia-harfuch"],"jetpack_featured_media_url":"https:\/\/zonaroja.com.mx\/wp-content\/uploads\/2025\/03\/Garcia-Harfuch-y-capos-enviados-a-Estados-Unidos.jpg.avif","jetpack_sharing_enabled":true,"_links":{"self":[{"href":"https:\/\/zonaroja.com.mx\/index.php?rest_route=\/wp\/v2\/posts\/78029","targetHints":{"allow":["GET"]}}],"collection":[{"href":"https:\/\/zonaroja.com.mx\/index.php?rest_route=\/wp\/v2\/posts"}],"about":[{"href":"https:\/\/zonaroja.com.mx\/index.php?rest_route=\/wp\/v2\/types\/post"}],"author":[{"embeddable":true,"href":"https:\/\/zonaroja.com.mx\/index.php?rest_route=\/wp\/v2\/users\/2"}],"replies":[{"embeddable":true,"href":"https:\/\/zonaroja.com.mx\/index.php?rest_route=%2Fwp%2Fv2%2Fcomments&post=78029"}],"version-history":[{"count":1,"href":"https:\/\/zonaroja.com.mx\/index.php?rest_route=\/wp\/v2\/posts\/78029\/revisions"}],"predecessor-version":[{"id":78031,"href":"https:\/\/zonaroja.com.mx\/index.php?rest_route=\/wp\/v2\/posts\/78029\/revisions\/78031"}],"wp:featuredmedia":[{"embeddable":true,"href":"https:\/\/zonaroja.com.mx\/index.php?rest_route=\/wp\/v2\/media\/78030"}],"wp:attachment":[{"href":"https:\/\/zonaroja.com.mx\/index.php?rest_route=%2Fwp%2Fv2%2Fmedia&parent=78029"}],"wp:term":[{"taxonomy":"category","embeddable":true,"href":"https:\/\/zonaroja.com.mx\/index.php?rest_route=%2Fwp%2Fv2%2Fcategories&post=78029"},{"taxonomy":"post_tag","embeddable":true,"href":"https:\/\/zonaroja.com.mx\/index.php?rest_route=%2Fwp%2Fv2%2Ftags&post=78029"}],"curies":[{"name":"wp","href":"https:\/\/api.w.org\/{rel}","templated":true}]}}