{"id":78032,"date":"2025-03-02T11:00:00","date_gmt":"2025-03-02T17:00:00","guid":{"rendered":"https:\/\/zonaroja.com.mx\/?p=78032"},"modified":"2025-03-02T07:16:02","modified_gmt":"2025-03-02T13:16:02","slug":"inician-labores-de-dezazolve-de-drenaje-en-xoxocotlan","status":"publish","type":"post","link":"https:\/\/zonaroja.com.mx\/?p=78032","title":{"rendered":"Inician labores de dezazolve de drenaje en Xoxocotl\u00e1n"},"content":{"rendered":"\n<p>Redacci\u00f3n\/Zona Roja.<\/p>\n\n\n\n<p>Oaxaca de Ju\u00e1rez, Oax., a 2 de marzo de 2025.- Con el compromiso de mejorar la infraestructura y prevenir afectaciones por lluvias, la presidenta municipal de Santa Cruz Xoxocotl\u00e1n, Nancy Ben\u00edtez Z\u00e1rate, anunci\u00f3 el inicio de los trabajos de desazolve en el municipio.&nbsp;<\/p>\n\n\n\n<p>\u201cNos encontramos en el fraccionamiento Itabiani con el comit\u00e9 del fraccionamiento y vecinos, ya que inician los trabajos de desazolve. Tambi\u00e9n estamos estrenando nuestra nueva retroexcavadora, herramienta clave para estas labores. Iniciamos con estas acciones por el bienestar de las y los xoxe\u00f1os\u201d, destac\u00f3 la presidenta municipal.<\/p>\n\n\n\n<p>El desazolve del arroyo en inmediaciones de este lugar es una medida fundamental para prevenir inundaciones y garantizar el flujo adecuado de las aguas pluviales, protegiendo as\u00ed a la poblaci\u00f3n y sus bienes.<\/p>\n\n\n\n<p>RECORRIDO<\/p>\n\n\n\n<p>Como parte del compromiso con el desarrollo y bienestar de la comunidad, diversas dependencias municipales realizaron un recorrido en la colonia San Jos\u00e9 Comunal. Participaron las regidur\u00edas de Ecolog\u00eda, Agencias y Colonias, Salud y Bienestar Natural, Equidad y G\u00e9nero, as\u00ed como la Direcci\u00f3n de Seguridad P\u00fablica, Ciudadana y Vialidad, la Direcci\u00f3n de Tequios, la Direcci\u00f3n de la Juventud, Protecci\u00f3n Civil, el Instituto Municipal de la Mujer y el Sistema DIF Municipal.&nbsp;<\/p>\n\n\n\n<p>El objetivo de este recorrido fue establecer un contacto directo con la ciudadan\u00eda, identificar sus principales necesidades y trabajar en soluciones conjuntas para mejorar la calidad de vida de las y los habitantes del municipio.<\/p>\n\n\n\n<p>Con estas acciones, el gobierno municipal de Santa Cruz Xoxocotl\u00e1n reafirma su compromiso con la seguridad, el bienestar y el desarrollo de la comunidad, priorizando la atenci\u00f3n a las necesidades de la poblaci\u00f3n y el mejoramiento de la infraestructura.<\/p>\n\n\n\n<p>CAYAPADU LII<\/p>\n\n\n\n<p>Por otra parte, a partir del pr\u00f3ximo 4 de marzo, Santa Cruz Xoxocotl\u00e1n iniciar\u00e1 la implementaci\u00f3n de la Estrategia Estatal Territorios y Jornadas \u201cCayapadu Lii\u201d, implementada por el Gobierno del Estado enfocada en fortalecer la seguridad y acercar servicios prioritarios a la poblaci\u00f3n.<\/p>\n\n\n\n<p>La presidenta municipal, Nancy Ben\u00edtez Z\u00e1rate, anunci\u00f3 que esta iniciativa, cuyo nombre en zapoteco significa \u00abTe estamos cuidando\u201d, permitir\u00e1 atender de manera integral las necesidades de los habitantes mediante brigadas de atenci\u00f3n casa por casa y jornadas de servicios gubernamentales en puntos estrat\u00e9gicos del municipio.<\/p>\n\n\n\n<p>Ser\u00e1n mi\u00e9rcoles, jueves y viernes los d\u00edas en que m\u00e1s de 30 dependencias gubernamentales participar\u00e1n en este esfuerzo coordinado, beneficiando a cientos de familias de colonias, barrios y agencias.<\/p>\n\n\n\n<p>El subsecretario de Prevenci\u00f3n y Reinserci\u00f3n Social, Roberto Claudio Castillo Ram\u00edrez, explic\u00f3 que este programa se basa en el modelo de \u00abZonas Territoriales de Paz\u00bb promovido por el Gobierno Federal y tiene como ejes principales la educaci\u00f3n, el empleo y la integraci\u00f3n social.<\/p>\n\n\n\n<p>Las brigadas contar\u00e1n con m\u00e1s de 300 brigadistas que recorrer\u00e1n las calles de Santa Cruz Xoxocotl\u00e1n para identificar necesidades espec\u00edficas y canalizarlas a las dependencias correspondientes. Se espera que las personas encuestadas reciban atenci\u00f3n prioritaria y que, en un plazo m\u00e1ximo de 10 d\u00edas, puedan acceder a los apoyos requeridos.<\/p>\n\n\n\n<p>La presidenta Nancy Ben\u00edtez agradeci\u00f3 al gobernador Salom\u00f3n Jara Cruz por la implementaci\u00f3n de estas jornadas en el municipio y reiter\u00f3 el compromiso de su administraci\u00f3n para trabajar en beneficio de la comunidad.<\/p>\n\n\n\n<p>Con Cayapadu Lii, Santa Cruz Xoxocotl\u00e1n reafirma su compromiso con la seguridad y el bienestar de sus habitantes.<\/p>\n","protected":false},"excerpt":{"rendered":"<p>Redacci\u00f3n\/Zona Roja. Oaxaca de Ju\u00e1rez, Oax., a 2 de marzo de 2025.- Con el compromiso&hellip;<\/p>\n","protected":false},"author":2,"featured_media":78033,"comment_status":"closed","ping_status":"open","sticky":false,"template":"","format":"standard","meta":{"_lmt_disableupdate":"","_lmt_disable":"","_jetpack_memberships_contains_paid_content":false,"footnotes":""},"categories":[109,46],"tags":[133],"class_list":["post-78032","post","type-post","status-publish","format-standard","has-post-thumbnail","hentry","category-minuto-a-minuto","category-zona-blanca","tag-santa-cruz-xoxocotlan"],"jetpack_featured_media_url":"https:\/\/zonaroja.com.mx\/wp-content\/uploads\/2025\/03\/Acciones-en-fraccionamiento-Itabiani-1.jpeg","jetpack_sharing_enabled":true,"_links":{"self":[{"href":"https:\/\/zonaroja.com.mx\/index.php?rest_route=\/wp\/v2\/posts\/78032","targetHints":{"allow":["GET"]}}],"collection":[{"href":"https:\/\/zonaroja.com.mx\/index.php?rest_route=\/wp\/v2\/posts"}],"about":[{"href":"https:\/\/zonaroja.com.mx\/index.php?rest_route=\/wp\/v2\/types\/post"}],"author":[{"embeddable":true,"href":"https:\/\/zonaroja.com.mx\/index.php?rest_route=\/wp\/v2\/users\/2"}],"replies":[{"embeddable":true,"href":"https:\/\/zonaroja.com.mx\/index.php?rest_route=%2Fwp%2Fv2%2Fcomments&post=78032"}],"version-history":[{"count":1,"href":"https:\/\/zonaroja.com.mx\/index.php?rest_route=\/wp\/v2\/posts\/78032\/revisions"}],"predecessor-version":[{"id":78034,"href":"https:\/\/zonaroja.com.mx\/index.php?rest_route=\/wp\/v2\/posts\/78032\/revisions\/78034"}],"wp:featuredmedia":[{"embeddable":true,"href":"https:\/\/zonaroja.com.mx\/index.php?rest_route=\/wp\/v2\/media\/78033"}],"wp:attachment":[{"href":"https:\/\/zonaroja.com.mx\/index.php?rest_route=%2Fwp%2Fv2%2Fmedia&parent=78032"}],"wp:term":[{"taxonomy":"category","embeddable":true,"href":"https:\/\/zonaroja.com.mx\/index.php?rest_route=%2Fwp%2Fv2%2Fcategories&post=78032"},{"taxonomy":"post_tag","embeddable":true,"href":"https:\/\/zonaroja.com.mx\/index.php?rest_route=%2Fwp%2Fv2%2Ftags&post=78032"}],"curies":[{"name":"wp","href":"https:\/\/api.w.org\/{rel}","templated":true}]}}