{"id":78055,"date":"2025-03-02T22:14:12","date_gmt":"2025-03-03T04:14:12","guid":{"rendered":"https:\/\/zonaroja.com.mx\/?p=78055"},"modified":"2025-03-02T22:14:15","modified_gmt":"2025-03-03T04:14:15","slug":"opinion-debanhi-una-historia-en-redes","status":"publish","type":"post","link":"https:\/\/zonaroja.com.mx\/?p=78055","title":{"rendered":"Opini\u00f3n. Debanhi: una historia en redes"},"content":{"rendered":"\n<p>Diego Enrique Osorno*<\/p>\n\n\n\n<p>Es posible que la desaparici\u00f3n y muerte de Debanhi Escobar Bazald\u00faa sea el feminicidio m\u00e1s conocido en un pa\u00eds que tiene el infausto promedio de 11 mujeres asesinadas por d\u00eda.&nbsp;<\/p>\n\n\n\n<p>Su \u00faltima fotograf\u00eda esperando de madrugada a la orilla de una carretera desolada de las afueras de Monterrey se viraliz\u00f3 al poco tiempo de compartirse en redes sociales.&nbsp;<\/p>\n\n\n\n<p>Desde youtubers hasta periodistas del \u201cNew York Times\u201d&nbsp;llegaron al norte de M\u00e9xico a dar seguimiento a un caso que gener\u00f3 decenas de miles de noticias, an\u00e1lisis, comentarios y posts en la sociedad de la opini\u00f3n en la que vivimos, donde creemos que sabemos lo que en realidad no sabemos.<\/p>\n\n\n\n<p>Con este contexto de fondo, hace casi dos a\u00f1os, en un mural pintado en la barda de un estacionamiento del centro de la ciudad en el que se enumeran las v\u00edctimas de feminicidio, un equipo de Detective inici\u00f3 una investigaci\u00f3n sobre la ola de cr\u00edmenes ocurridos en aquella primavera de 2022, entre los que se conocieron tambi\u00e9n los de Yolanda Mart\u00ednez y Mar\u00eda Fernanda Contreras.<\/p>\n\n\n\n<p>A lo largo de la investigaci\u00f3n, nunca imaginamos encontrar todo lo que hallamos en un caso archimediatizado en redes sociales, pero que no estaba contado a fondo ni desde el punto de vista de las mujeres que luchan contra la violencia.<\/p>\n\n\n\n<p>Justo un mes antes de la desaparici\u00f3n de Debanhi, el 8 de marzo, miles de mujeres realizaron una de las marchas m\u00e1s numerosas de las que se tenga registro en Nuevo Le\u00f3n, un estado cuyas \u00e9lites pol\u00edticas y econ\u00f3micas suelen presumir la paz social que han logrado imponer en medio de la barbarie.<\/p>\n\n\n\n<p>\u00bfQu\u00e9 es lo que no se ve en la foto de Debanhi antes de su desaparici\u00f3n? \u201c#TODAS. Debanhi: Una historia de redes\u201d&nbsp;hace un zoom out de la imagen para investigar la realidad que se oculta alrededor, m\u00e1s all\u00e1 de las redes sociales, y documentar as\u00ed las redes que generan y encubren la violencia contra las mujeres, pero tambi\u00e9n a las redes que la duelen, la denuncian y la resisten.<\/p>\n\n\n\n<p>Bajo la magn\u00edfica direcci\u00f3n de Arisbeth M\u00e1rquez, este 6 de marzo se estrena una serie documental hecha por un gran equipo y producida por Detective junto con Viento del Norte y N+Docs para Vix.&nbsp;<\/p>\n\n\n\n<p>Esperamos que este trabajo narrado de forma rizom\u00e1tica abra los ojos de quienes a\u00fan se niegan a ver el horror y encienda nuevas luces para seguir tejiendo redes de vida en medio del laberinto de impunidad.<\/p>\n\n\n\n<p>*Escritor y periodista.<\/p>\n\n\n\n<p>@DiegoEOsorno<\/p>\n","protected":false},"excerpt":{"rendered":"<p>Diego Enrique Osorno* Es posible que la desaparici\u00f3n y muerte de Debanhi Escobar Bazald\u00faa sea&hellip;<\/p>\n","protected":false},"author":2,"featured_media":67760,"comment_status":"closed","ping_status":"open","sticky":false,"template":"","format":"standard","meta":{"_lmt_disableupdate":"","_lmt_disable":"","_jetpack_memberships_contains_paid_content":false,"footnotes":""},"categories":[456,109],"tags":[3020],"class_list":["post-78055","post","type-post","status-publish","format-standard","has-post-thumbnail","hentry","category-columna","category-minuto-a-minuto","tag-diego-enrique-osorno"],"jetpack_featured_media_url":"https:\/\/zonaroja.com.mx\/wp-content\/uploads\/2024\/04\/Diego-Enrique-Osorno.jpeg","jetpack_sharing_enabled":true,"_links":{"self":[{"href":"https:\/\/zonaroja.com.mx\/index.php?rest_route=\/wp\/v2\/posts\/78055","targetHints":{"allow":["GET"]}}],"collection":[{"href":"https:\/\/zonaroja.com.mx\/index.php?rest_route=\/wp\/v2\/posts"}],"about":[{"href":"https:\/\/zonaroja.com.mx\/index.php?rest_route=\/wp\/v2\/types\/post"}],"author":[{"embeddable":true,"href":"https:\/\/zonaroja.com.mx\/index.php?rest_route=\/wp\/v2\/users\/2"}],"replies":[{"embeddable":true,"href":"https:\/\/zonaroja.com.mx\/index.php?rest_route=%2Fwp%2Fv2%2Fcomments&post=78055"}],"version-history":[{"count":1,"href":"https:\/\/zonaroja.com.mx\/index.php?rest_route=\/wp\/v2\/posts\/78055\/revisions"}],"predecessor-version":[{"id":78056,"href":"https:\/\/zonaroja.com.mx\/index.php?rest_route=\/wp\/v2\/posts\/78055\/revisions\/78056"}],"wp:featuredmedia":[{"embeddable":true,"href":"https:\/\/zonaroja.com.mx\/index.php?rest_route=\/wp\/v2\/media\/67760"}],"wp:attachment":[{"href":"https:\/\/zonaroja.com.mx\/index.php?rest_route=%2Fwp%2Fv2%2Fmedia&parent=78055"}],"wp:term":[{"taxonomy":"category","embeddable":true,"href":"https:\/\/zonaroja.com.mx\/index.php?rest_route=%2Fwp%2Fv2%2Fcategories&post=78055"},{"taxonomy":"post_tag","embeddable":true,"href":"https:\/\/zonaroja.com.mx\/index.php?rest_route=%2Fwp%2Fv2%2Ftags&post=78055"}],"curies":[{"name":"wp","href":"https:\/\/api.w.org\/{rel}","templated":true}]}}