{"id":78067,"date":"2025-03-03T12:17:00","date_gmt":"2025-03-03T18:17:00","guid":{"rendered":"https:\/\/zonaroja.com.mx\/?p=78067"},"modified":"2025-03-03T08:18:49","modified_gmt":"2025-03-03T14:18:49","slug":"condena-la-onu-asesinato-de-activista-en-oaxaca-estaba-bajo-proteccion","status":"publish","type":"post","link":"https:\/\/zonaroja.com.mx\/?p=78067","title":{"rendered":"Condena la ONU asesinato de activista en Oaxaca; estaba bajo protecci\u00f3n\u00a0"},"content":{"rendered":"\n<p>Redacci\u00f3n\/Estado 20.<\/p>\n\n\n\n<p>Oaxaca de Ju\u00e1rez, Oax., a 3 de marzo de 2025.- El Alto Comisionado de la Organizaci\u00f3n de las Naciones Unidas (ONU) para los Derechos Humanos en M\u00e9xico, conden\u00f3 el asesinato del defensor de derechos humanos Cristino Castro Perea, ocurrido en la comunidad de Barra de la Cruz, Santiago Astata, Oaxaca.<\/p>\n\n\n\n<p>A trav\u00e9s de su cuenta en X, record\u00f3 que los integrantes del colectivo \u201cDefensores Ambientalistas de Barra de la Cruz\u201d y del cual era parte Cristino Castro, es beneficiario del Mecanismo de Protecci\u00f3n.<\/p>\n\n\n\n<p>\u201cLlamamos a las autoridades a garantizar la protecci\u00f3n de los integrantes del colectivo, as\u00ed como realizar una investigaci\u00f3n pronta y efectiva. Expresamos nuestras condolencias y solidaridad con la familia y amistades del Sr. Castro Perea\u201d, escribi\u00f3 en la red social.<\/p>\n\n\n\n<p>Cristino fue asesinado el pasado 28 de febrero de 2025 en el centro de la comunidad de Barra de la Cruz, localidad del municipio de Santiago Astata ubicado en la regi\u00f3n del Istmo de Tehuantepec de Oaxaca.<\/p>\n\n\n\n<p>De acuerdo con el Centro de Derechos Humanos y Asesor\u00eda de Pueblos Ind\u00edgenas (Cedhapi), el asesinato fue perpetrado por hombres que viajaban a bordo de una motocicleta, quienes dispararon en su contra cuando se encontraba en el kiosko de la comunidad.<\/p>\n\n\n\n<p>En el a\u00f1o 2023, el defensor comunitario de la tierra y el territorio Cristino Castro fue incorporado al Mecanismo de Protecci\u00f3n para personas Defensoras de Derechos Humanos y Periodistas, para que se garantizara su labor de defensor de la tierra y el territorio, su protecci\u00f3n y auxilio por encontrarse en una situaci\u00f3n de riesgo.<\/p>\n\n\n\n<p>Seg\u00fan el Cedhapi, el crimen puede estar relacionado con un grupo de personas que en el a\u00f1o 2023 intent\u00f3 apoderarse de varios terrenos a orilla de la playa, en una extensi\u00f3n aproximada de 24 hect\u00e1reas, y quienes \u201cestaban financiados por persona externas de grupos de poder econ\u00f3mico y pol\u00edtico de la regi\u00f3n de la Costa con el objeto de lotificar y vender a empresarios hoteleros\u201d.<\/p>\n\n\n\n<p>El 29 de diciembre del 2023, el entonces presidente de la Rep\u00fablica, Andr\u00e9s Manuel L\u00f3pez Obrador, declar\u00f3 \u00e1rea natural protegida con la categor\u00eda de Santuario el sitio Barra de la Cruz, Playa Grande ubicado en el istmo de Tehuantepec Oaxaca, y que abarca la superficie de 56-19-13.67 hect\u00e1reas.<\/p>\n\n\n\n<p>\u201cPor lo cual no estar\u00eda justificada ninguna intromisi\u00f3n de alg\u00fan grupo pol\u00edtico de la regi\u00f3n para desestabilizar la lucha de los defensores ambientalistas de Barra de Cruz\u201d, advirti\u00f3 la Cedhapi.<\/p>\n\n\n\n<p>(Informaci\u00f3n de Estado 20)<\/p>\n","protected":false},"excerpt":{"rendered":"<p>Redacci\u00f3n\/Estado 20. Oaxaca de Ju\u00e1rez, Oax., a 3 de marzo de 2025.- El Alto Comisionado&hellip;<\/p>\n","protected":false},"author":2,"featured_media":78026,"comment_status":"closed","ping_status":"open","sticky":false,"template":"","format":"standard","meta":{"_lmt_disableupdate":"","_lmt_disable":"","_jetpack_memberships_contains_paid_content":false,"footnotes":""},"categories":[109,47],"tags":[4236],"class_list":["post-78067","post","type-post","status-publish","format-standard","has-post-thumbnail","hentry","category-minuto-a-minuto","category-zona-gris","tag-cristino-castro-perea"],"jetpack_featured_media_url":"https:\/\/zonaroja.com.mx\/wp-content\/uploads\/2025\/03\/Defebsor-Cristino-Castro-Perea-barra-de-la-cruz.jpg","jetpack_sharing_enabled":true,"_links":{"self":[{"href":"https:\/\/zonaroja.com.mx\/index.php?rest_route=\/wp\/v2\/posts\/78067","targetHints":{"allow":["GET"]}}],"collection":[{"href":"https:\/\/zonaroja.com.mx\/index.php?rest_route=\/wp\/v2\/posts"}],"about":[{"href":"https:\/\/zonaroja.com.mx\/index.php?rest_route=\/wp\/v2\/types\/post"}],"author":[{"embeddable":true,"href":"https:\/\/zonaroja.com.mx\/index.php?rest_route=\/wp\/v2\/users\/2"}],"replies":[{"embeddable":true,"href":"https:\/\/zonaroja.com.mx\/index.php?rest_route=%2Fwp%2Fv2%2Fcomments&post=78067"}],"version-history":[{"count":1,"href":"https:\/\/zonaroja.com.mx\/index.php?rest_route=\/wp\/v2\/posts\/78067\/revisions"}],"predecessor-version":[{"id":78068,"href":"https:\/\/zonaroja.com.mx\/index.php?rest_route=\/wp\/v2\/posts\/78067\/revisions\/78068"}],"wp:featuredmedia":[{"embeddable":true,"href":"https:\/\/zonaroja.com.mx\/index.php?rest_route=\/wp\/v2\/media\/78026"}],"wp:attachment":[{"href":"https:\/\/zonaroja.com.mx\/index.php?rest_route=%2Fwp%2Fv2%2Fmedia&parent=78067"}],"wp:term":[{"taxonomy":"category","embeddable":true,"href":"https:\/\/zonaroja.com.mx\/index.php?rest_route=%2Fwp%2Fv2%2Fcategories&post=78067"},{"taxonomy":"post_tag","embeddable":true,"href":"https:\/\/zonaroja.com.mx\/index.php?rest_route=%2Fwp%2Fv2%2Ftags&post=78067"}],"curies":[{"name":"wp","href":"https:\/\/api.w.org\/{rel}","templated":true}]}}