{"id":78069,"date":"2025-03-03T12:22:00","date_gmt":"2025-03-03T18:22:00","guid":{"rendered":"https:\/\/zonaroja.com.mx\/?p=78069"},"modified":"2025-03-03T08:24:17","modified_gmt":"2025-03-03T14:24:17","slug":"preven-aprobar-en-senado-prohibicion-al-maiz-transgenico","status":"publish","type":"post","link":"https:\/\/zonaroja.com.mx\/?p=78069","title":{"rendered":"Prev\u00e9n aprobar en Senado prohibici\u00f3n al ma\u00edz transg\u00e9nico"},"content":{"rendered":"\n<p>Redacci\u00f3n\/Zona Roja Cdmx.<\/p>\n\n\n\n<p>Ciudad de M\u00e9xico, a 3 de febrero de 2025.- El senador Antonino Morales llam\u00f3 a aprobar este mi\u00e9rcoles la reforma a los art\u00edculos 4 y 27 constitucionales, propuesta por la presidenta Claudia Sheinbaum Pardo, para establecer la definici\u00f3n del ma\u00edz como un elemento de identidad nacional, cuyo cultivo debe ser libre de transg\u00e9nicos, priorizando su manejo agroecol\u00f3gico.<\/p>\n\n\n\n<p>El legislador, integrante de la Comisi\u00f3n de Desarrollo Rural, record\u00f3 que el cultivo de ma\u00edz surgi\u00f3 en M\u00e9xico desde hace m\u00e1s de 8 mil a\u00f1os, seg\u00fan estudios cient\u00edficos, y su siembra en milpas ha permitido que crezca en las 32 entidades del pa\u00eds con 64 razas, de las que 59 son nativas, lo que ha nos ha colocado como el octavo pa\u00eds con mayor producci\u00f3n mundial.<\/p>\n\n\n\n<p>Con la reforma, explic\u00f3, el Estado tendr\u00e1 la obligaci\u00f3n de fomentar la actividad agropecuaria y forestal para el \u00f3ptimo uso de la tierra libre de cultivos y semillas para siembra de ma\u00edz transg\u00e9nico.<\/p>\n\n\n\n<p>No obstante, aunque M\u00e9xico todav\u00eda es deficitario en la producci\u00f3n de ma\u00edz frente a su principal exportador que es Estados Unidos, el pa\u00eds est\u00e1 obligado a proteger sus especies nativas porque su acervo gen\u00e9tico es insustituible y es fundamental para la agricultura y la seguridad alimentaria mundial.<\/p>\n\n\n\n<p>\u201cLa Secretar\u00eda de Agricultura, Ganader\u00eda, Desarrollo Rural y Pesca (SADER) y organizaciones como \u00b4\u00b4Sin Ma\u00edz no hay Pa\u00eds\u00b4\u00b4 han documentado que la diversidad gen\u00e9tica de cultivos mexicanos puede brindar respuestas a retos ambientales y fitopatol\u00f3gico de los cultivos, como se ha hecho en el pasado\u201d, resalt\u00f3 el legislador zapoteco.<\/p>\n\n\n\n<p>Al agregar que, debido a su diversidad gen\u00e9tica, el ma\u00edz nativo presenta adaptaciones a condiciones adversas medioambientales y es fuente de genes para programas de mejoramiento gen\u00e9tico, como se evidencia con el cultivo en estados con climas tan diversos como Oaxaca, Sinaloa o el Estado de M\u00e9xico.<\/p>\n\n\n\n<p>Refiri\u00f3 que, aunque el gobierno pasado emiti\u00f3 dos decretos para prohibir la importaci\u00f3n del ma\u00edz transg\u00e9nico, Estados Unidos lo controvirti\u00f3 en paneles internacionales y quedaron sin efecto; sin embargo, al igual que otros pa\u00edses como Francia, Alemania o India que han protegido productos nacionales, ahora habr\u00e1 un marco constitucional para defender la biodiversidad nacional.<\/p>\n\n\n\n<p>El senador Morales Toledo mencion\u00f3 que esta reforma se vincula con los cambios al art\u00edculo 2\u00ba de la Constituci\u00f3n, pue establece que el Estado garantizar\u00e1 el derecho de las personas a la alimentaci\u00f3n nutritiva, siendo el ma\u00edz alimento b\u00e1sico y base de la existencia de los pueblos ind\u00edgenas y afromexicanos.<\/p>\n\n\n\n<p>Por \u00faltimo, inform\u00f3 que Oaxaca se ha sumado a la protecci\u00f3n del ma\u00edz, luego de que el gobernador Salom\u00f3n Jara firm\u00f3 y envi\u00f3 al congreso local el pasado 28 de enero la iniciativa para preservar y conservar los ma\u00edces nativos de la entidad que suman 35 de las 59 razas nativas nacionales, equivalentes al 65% de \u00e9stas.<\/p>\n\n\n\n<p>\u201cNos sentimos muy orgullosos de ser defensores de la biodiversidad con 84 bancos de semillas, m\u00e1s cuando sabemos que fue en el Ejido Zapata, de Mitla, el origen del ma\u00edz nativo de M\u00e9xico\u201d.<\/p>\n","protected":false},"excerpt":{"rendered":"<p>Redacci\u00f3n\/Zona Roja Cdmx. Ciudad de M\u00e9xico, a 3 de febrero de 2025.- El senador Antonino&hellip;<\/p>\n","protected":false},"author":2,"featured_media":78070,"comment_status":"closed","ping_status":"open","sticky":false,"template":"","format":"standard","meta":{"_lmt_disableupdate":"","_lmt_disable":"","_jetpack_memberships_contains_paid_content":false,"footnotes":""},"categories":[109,46],"tags":[180],"class_list":["post-78069","post","type-post","status-publish","format-standard","has-post-thumbnail","hentry","category-minuto-a-minuto","category-zona-blanca","tag-antonino-morales-toledo"],"jetpack_featured_media_url":"https:\/\/zonaroja.com.mx\/wp-content\/uploads\/2025\/03\/Antonino-Morales.jpeg","jetpack_sharing_enabled":true,"_links":{"self":[{"href":"https:\/\/zonaroja.com.mx\/index.php?rest_route=\/wp\/v2\/posts\/78069","targetHints":{"allow":["GET"]}}],"collection":[{"href":"https:\/\/zonaroja.com.mx\/index.php?rest_route=\/wp\/v2\/posts"}],"about":[{"href":"https:\/\/zonaroja.com.mx\/index.php?rest_route=\/wp\/v2\/types\/post"}],"author":[{"embeddable":true,"href":"https:\/\/zonaroja.com.mx\/index.php?rest_route=\/wp\/v2\/users\/2"}],"replies":[{"embeddable":true,"href":"https:\/\/zonaroja.com.mx\/index.php?rest_route=%2Fwp%2Fv2%2Fcomments&post=78069"}],"version-history":[{"count":1,"href":"https:\/\/zonaroja.com.mx\/index.php?rest_route=\/wp\/v2\/posts\/78069\/revisions"}],"predecessor-version":[{"id":78071,"href":"https:\/\/zonaroja.com.mx\/index.php?rest_route=\/wp\/v2\/posts\/78069\/revisions\/78071"}],"wp:featuredmedia":[{"embeddable":true,"href":"https:\/\/zonaroja.com.mx\/index.php?rest_route=\/wp\/v2\/media\/78070"}],"wp:attachment":[{"href":"https:\/\/zonaroja.com.mx\/index.php?rest_route=%2Fwp%2Fv2%2Fmedia&parent=78069"}],"wp:term":[{"taxonomy":"category","embeddable":true,"href":"https:\/\/zonaroja.com.mx\/index.php?rest_route=%2Fwp%2Fv2%2Fcategories&post=78069"},{"taxonomy":"post_tag","embeddable":true,"href":"https:\/\/zonaroja.com.mx\/index.php?rest_route=%2Fwp%2Fv2%2Ftags&post=78069"}],"curies":[{"name":"wp","href":"https:\/\/api.w.org\/{rel}","templated":true}]}}