{"id":78075,"date":"2025-03-03T10:33:00","date_gmt":"2025-03-03T16:33:00","guid":{"rendered":"https:\/\/zonaroja.com.mx\/?p=78075"},"modified":"2025-03-03T09:40:57","modified_gmt":"2025-03-03T15:40:57","slug":"de-morena-ex-candidato-a-edil-el-asesinado-en-la-costa-de-oaxaca","status":"publish","type":"post","link":"https:\/\/zonaroja.com.mx\/?p=78075","title":{"rendered":"De Morena, ex candidato a edil, el asesinado en la Costa de Oaxaca"},"content":{"rendered":"\n<p>Ismael Garc\u00eda M.\/Zona Roja.<\/p>\n\n\n\n<p>Oaxaca de Ju\u00e1rez, Oax., a 3 de marzo de 2025.- Como Jos\u00e9 Alfredo Lavariega Canseco, m\u00e1s conocido como \u201cJocha\u201d, fue identificada la persona asesinada ayer en la localidad de Barra de Copalita, del municipio coste\u00f1o de San Miguel del Puerto.<\/p>\n\n\n\n<p>Fue aspirante a presidente municipal de Santa Mar\u00eda Huatulco, de donde era originario, con el Partido Encuentro Social; en los \u00faltimos meses militaba en el Partido Morena y realizaba labores proselitistas a favor de este instituto pol\u00edtico.<\/p>\n\n\n\n<p>Asimismo, busc\u00f3 ser candidato a agente municipal de Santa Cruz Huatulco, donde se asienta el destino tur\u00edstico de Bah\u00edas de Huatulco.<\/p>\n\n\n\n<p>Era adem\u00e1s comerciante y empresario y su cuerpo fue localizado ayer por la ma\u00f1ana en el interior de su veh\u00edculo marca Honda, tipo Civic, en el barrio Cantarranas.<\/p>\n\n\n\n<p>De acuerdo con las primeras investigaciones, el cuerpo presenta varios impactos de arma de fuego y las investigaciones contin\u00faan por parte de la Fiscal\u00eda General del Estado de Oaxaca.<\/p>\n","protected":false},"excerpt":{"rendered":"<p>Ismael Garc\u00eda M.\/Zona Roja. Oaxaca de Ju\u00e1rez, Oax., a 3 de marzo de 2025.- Como&hellip;<\/p>\n","protected":false},"author":2,"featured_media":78076,"comment_status":"closed","ping_status":"open","sticky":false,"template":"","format":"standard","meta":{"_lmt_disableupdate":"","_lmt_disable":"","_jetpack_memberships_contains_paid_content":false,"footnotes":""},"categories":[109,51],"tags":[4237],"class_list":["post-78075","post","type-post","status-publish","format-standard","has-post-thumbnail","hentry","category-minuto-a-minuto","category-zona-roja","tag-jose-alfredo-lavariega-canseco"],"jetpack_featured_media_url":"https:\/\/zonaroja.com.mx\/wp-content\/uploads\/2025\/03\/Jose-Alfredo-Lavariega-Canseco.jpg","jetpack_sharing_enabled":true,"_links":{"self":[{"href":"https:\/\/zonaroja.com.mx\/index.php?rest_route=\/wp\/v2\/posts\/78075","targetHints":{"allow":["GET"]}}],"collection":[{"href":"https:\/\/zonaroja.com.mx\/index.php?rest_route=\/wp\/v2\/posts"}],"about":[{"href":"https:\/\/zonaroja.com.mx\/index.php?rest_route=\/wp\/v2\/types\/post"}],"author":[{"embeddable":true,"href":"https:\/\/zonaroja.com.mx\/index.php?rest_route=\/wp\/v2\/users\/2"}],"replies":[{"embeddable":true,"href":"https:\/\/zonaroja.com.mx\/index.php?rest_route=%2Fwp%2Fv2%2Fcomments&post=78075"}],"version-history":[{"count":1,"href":"https:\/\/zonaroja.com.mx\/index.php?rest_route=\/wp\/v2\/posts\/78075\/revisions"}],"predecessor-version":[{"id":78077,"href":"https:\/\/zonaroja.com.mx\/index.php?rest_route=\/wp\/v2\/posts\/78075\/revisions\/78077"}],"wp:featuredmedia":[{"embeddable":true,"href":"https:\/\/zonaroja.com.mx\/index.php?rest_route=\/wp\/v2\/media\/78076"}],"wp:attachment":[{"href":"https:\/\/zonaroja.com.mx\/index.php?rest_route=%2Fwp%2Fv2%2Fmedia&parent=78075"}],"wp:term":[{"taxonomy":"category","embeddable":true,"href":"https:\/\/zonaroja.com.mx\/index.php?rest_route=%2Fwp%2Fv2%2Fcategories&post=78075"},{"taxonomy":"post_tag","embeddable":true,"href":"https:\/\/zonaroja.com.mx\/index.php?rest_route=%2Fwp%2Fv2%2Ftags&post=78075"}],"curies":[{"name":"wp","href":"https:\/\/api.w.org\/{rel}","templated":true}]}}