{"id":78078,"date":"2025-03-03T17:45:28","date_gmt":"2025-03-03T23:45:28","guid":{"rendered":"https:\/\/zonaroja.com.mx\/?p=78078"},"modified":"2025-03-03T17:45:33","modified_gmt":"2025-03-03T23:45:33","slug":"reitera-trump-desde-manana-aranceles-del-25-a-mexico-y-canada","status":"publish","type":"post","link":"https:\/\/zonaroja.com.mx\/?p=78078","title":{"rendered":"Reitera Trump: desde ma\u00f1ana, aranceles del 25% a M\u00e9xico y Canad\u00e1\u00a0"},"content":{"rendered":"\n<p>Redacci\u00f3n\/Zona Roja Cdmx.<\/p>\n\n\n\n<p>Ciudad de M\u00e9xico, a 3 de marzo de 2025.- El presidente de Estados Unidos, Donald Trump, confirm\u00f3 este lunes que los aranceles del 25 por ciento a M\u00e9xico y Canad\u00e1 entrar\u00e1n en vigor el martes 4 de marzo, tal como se ten\u00eda ya estipulado.<\/p>\n\n\n\n<p>En un evento este 3 de marzo, hizo menci\u00f3n sobre la entrada en vigor de los aranceles rec\u00edprocos que espera que se apliquen a partir del 2 de abril, para evitar confusiones debido a que el 1 de abril se conmemora el D\u00eda de los Inocentes en Estados Unidos (April fool\u2019s day).<\/p>\n\n\n\n<p>En el momento, apunt\u00f3 que las tarifas a M\u00e9xico s\u00ed se aplicar\u00e1n como se ten\u00eda previsto el 4 de marzo.<\/p>\n\n\n\n<p>\u201cMuy importante: ma\u00f1ana comenzar\u00e1n los aranceles del 25 por ciento sobre Canad\u00e1 y del 25 por ciento para M\u00e9xico. As\u00ed que van a tener que asumir un arancel\u201d, declar\u00f3 Trump a la prensa en la Casa Blanca.<\/p>\n\n\n\n<p>Previamente, el secretario de Comercio estadounidense, Howard Lutnick, se\u00f1al\u00f3 que a\u00fan se estaba debatiendo c\u00f3mo se aplicar\u00edan estos grav\u00e1menes.<\/p>\n\n\n\n<p>Trump fue cuestionado sobre si hab\u00eda alg\u00fan margen para que los gobiernos de Claudia Sheinbaum y Justin Trudeau logren un acuerdo con su administraci\u00f3n para evitar los aranceles antes de la medianoche de este lunes 3 de marzo.<\/p>\n\n\n\n<p>\u201cTEMPLE Y SERENIDAD\u201d<\/p>\n\n\n\n<p>En su conferencia de este lunes, la presidenta mexicana Claudia Sheinbaum pidi\u00f3 esperar y tener paciencia para saber si habr\u00eda posibilidad de frenar las tarifas de EU. \u201cHay que tener temple, serenidad y paciencia. Esperemos al d\u00eda de hoy, todo es posible\u201d, consider\u00f3.<\/p>\n\n\n\n<p>\u00bfPor qu\u00e9 Trump aplica aranceles a M\u00e9xico y Canad\u00e1 el 4 de marzo?<\/p>\n\n\n\n<p>Trump ha dicho que su plan de aplicar los aranceles a sus dos principales socios comerciales, M\u00e9xico y Canad\u00e1, se debe a que desde estos pa\u00edses ingresan a EU drogas ilegales, como el fentanilo. Tambi\u00e9n se ha denunciado el paso de personas migrantes por la frontera de M\u00e9xico a EU.<\/p>\n\n\n\n<p>Los planes de Trump indicaban que los aranceles a M\u00e9xico y Canad\u00e1 aplicar\u00edan a partir de febrero, pero el presidente estadounidense aplaz\u00f3 el plan luego de conversaciones con Sheinbaum y Trudeau, cuyos gobiernos llegaron al acuerdo de aplicar medidas sobre migraci\u00f3n y tr\u00e1fico de drogas antes de que los grav\u00e1menes entraran en vigor un mes despu\u00e9s, es decir, en marzo.<\/p>\n\n\n\n<p>A pocos d\u00edas de que se apliquen los aranceles, M\u00e9xico y Canad\u00e1 han intentado negociar para detener la medida.<\/p>\n\n\n\n<p>Apenas hace unos d\u00edas, Trump apunt\u00f3 que no est\u00e1 viendo progresos de parte de M\u00e9xico y Canad\u00e1 en la lucha contra las drogas, por lo cual consider\u00f3 que no hay nada que le haga considerar no imponer los grav\u00e1menes.<\/p>\n\n\n\n<p>Los aranceles prometidos desde hace tiempo y que entrar\u00e1n en vigor el martes 4 de marzo ser\u00edan f\u00e1cilmente de los m\u00e1s amplios de la era Trump, y se aplicar\u00edan a aproximadamente 1.5 billones de d\u00f3lares en importaciones anuales. Impondr\u00edan un arancel del 25 por ciento a todas las importaciones de Canad\u00e1 y M\u00e9xico, excepto la energ\u00eda canadiense, que se enfrentar\u00eda a una tasa del 10 por ciento. Tambi\u00e9n ha dicho que duplicar\u00e1 el arancel a China al 20 por ciento.<\/p>\n\n\n\n<p>(Informaci\u00f3n de \u201cEl Financiero\u201d)<\/p>\n","protected":false},"excerpt":{"rendered":"<p>Redacci\u00f3n\/Zona Roja Cdmx. Ciudad de M\u00e9xico, a 3 de marzo de 2025.- El presidente de&hellip;<\/p>\n","protected":false},"author":2,"featured_media":78079,"comment_status":"closed","ping_status":"open","sticky":false,"template":"","format":"standard","meta":{"_lmt_disableupdate":"","_lmt_disable":"","_jetpack_memberships_contains_paid_content":false,"footnotes":""},"categories":[109,47],"tags":[1060],"class_list":["post-78078","post","type-post","status-publish","format-standard","has-post-thumbnail","hentry","category-minuto-a-minuto","category-zona-gris","tag-donald-trump"],"jetpack_featured_media_url":"https:\/\/zonaroja.com.mx\/wp-content\/uploads\/2025\/03\/Exportaciones-Mexico-EU.jpg","jetpack_sharing_enabled":true,"_links":{"self":[{"href":"https:\/\/zonaroja.com.mx\/index.php?rest_route=\/wp\/v2\/posts\/78078","targetHints":{"allow":["GET"]}}],"collection":[{"href":"https:\/\/zonaroja.com.mx\/index.php?rest_route=\/wp\/v2\/posts"}],"about":[{"href":"https:\/\/zonaroja.com.mx\/index.php?rest_route=\/wp\/v2\/types\/post"}],"author":[{"embeddable":true,"href":"https:\/\/zonaroja.com.mx\/index.php?rest_route=\/wp\/v2\/users\/2"}],"replies":[{"embeddable":true,"href":"https:\/\/zonaroja.com.mx\/index.php?rest_route=%2Fwp%2Fv2%2Fcomments&post=78078"}],"version-history":[{"count":1,"href":"https:\/\/zonaroja.com.mx\/index.php?rest_route=\/wp\/v2\/posts\/78078\/revisions"}],"predecessor-version":[{"id":78080,"href":"https:\/\/zonaroja.com.mx\/index.php?rest_route=\/wp\/v2\/posts\/78078\/revisions\/78080"}],"wp:featuredmedia":[{"embeddable":true,"href":"https:\/\/zonaroja.com.mx\/index.php?rest_route=\/wp\/v2\/media\/78079"}],"wp:attachment":[{"href":"https:\/\/zonaroja.com.mx\/index.php?rest_route=%2Fwp%2Fv2%2Fmedia&parent=78078"}],"wp:term":[{"taxonomy":"category","embeddable":true,"href":"https:\/\/zonaroja.com.mx\/index.php?rest_route=%2Fwp%2Fv2%2Fcategories&post=78078"},{"taxonomy":"post_tag","embeddable":true,"href":"https:\/\/zonaroja.com.mx\/index.php?rest_route=%2Fwp%2Fv2%2Ftags&post=78078"}],"curies":[{"name":"wp","href":"https:\/\/api.w.org\/{rel}","templated":true}]}}