{"id":78081,"date":"2025-03-03T19:15:33","date_gmt":"2025-03-04T01:15:33","guid":{"rendered":"https:\/\/zonaroja.com.mx\/?p=78081"},"modified":"2025-03-03T19:15:36","modified_gmt":"2025-03-04T01:15:36","slug":"oaxaca-uno-de-los-mas-beneficiado-con-plan-nacional-de-infraestructura-carretera","status":"publish","type":"post","link":"https:\/\/zonaroja.com.mx\/?p=78081","title":{"rendered":"Oaxaca, uno de los m\u00e1s beneficiado con Plan Nacional de Infraestructura Carretera"},"content":{"rendered":"\n<p>Redacci\u00f3n\/Zona Roja.&nbsp;<\/p>\n\n\n\n<p>Oaxaca de Ju\u00e1rez, Oax. 3 de marzo de 2025.- El gobernador Salom\u00f3n Jara Cruz anunci\u00f3 que Oaxaca ser\u00e1 uno de los estados m\u00e1s beneficiados con el Programa Nacional de Infraestructura Carretera 2025-2030, que tiene destinado 28 mil 274 millones de pesos para la intervenci\u00f3n de 478 kil\u00f3metros de la carretera Salina Cruz-Zihuatanejo a dos carriles.<\/p>\n\n\n\n<p>En conferencia de prensa, el mandatario detall\u00f3 que, en el mes de marzo, comenzar\u00e1n las acciones de esta obra de gran magnitud para modernizar este tramo carretero, que generar\u00e1 84 mil 822 empleos, lo cual demuestra que el segundo piso de la cuarta transformaci\u00f3n ha comenzado de la mejor manera.<\/p>\n\n\n\n<p>\u201cReconocemos y agradecemos a nuestra Presidenta Claudia Sheinbaum Pardo, por demostrar con acciones e inversi\u00f3n su profundo cari\u00f1o por el pueblo oaxaque\u00f1o\u201d, afirm\u00f3.<\/p>\n\n\n\n<p>Con la ampliaci\u00f3n y mantenimiento de carreteras que conectan a las zonas m\u00e1s vulnerables, se impulsa el desarrollo econ\u00f3mico, incrementa el empleo y mejoran las condiciones de vida de quienes m\u00e1s lo necesitan en la entidad.<\/p>\n\n\n\n<p>Por otra parte, Jara Cruz precis\u00f3 que, a trav\u00e9s del Plan L\u00e1zaro C\u00e1rdenas se atender\u00e1n cerca de mil kil\u00f3metros de caminos, con una inversi\u00f3n de 6 mil millones de pesos, cuyas obras comenzar\u00e1n en el pr\u00f3ximo mes de abril.<\/p>\n\n\n\n<p>Detall\u00f3 que se reconstruir\u00e1 la carretera federal que va de Huajuapan de Le\u00f3n-Oaxaca, tramo Nochixtl\u00e1n-Huajuapan, con 88 kil\u00f3metros. La v\u00eda Tehuac\u00e1n-Chazumba-Huajuapan de Le\u00f3n con 121 kil\u00f3metros, en l\u00edmites con Puebla; y la que abarca Huajuapan-Tlacotepec-Juxtlahuaca-Santa Mar\u00eda Asunci\u00f3n-Carrizal-Putla de Guerrero con 131 kil\u00f3metros.<\/p>\n\n\n\n<p>Asimismo, la reconstrucci\u00f3n de la carretera alimentadora Huajuapan-Mariscala-Tamazola-Silacayo\u00e1pam con 167 kil\u00f3metros y la modernizaci\u00f3n del camino rural a la v\u00eda Juxtlahuaca-San Mart\u00edn Peras-Ahuejutla-Alcozauca de Guerrero-Tlapa que contempla 116 kil\u00f3metros.<\/p>\n\n\n\n<p>Los trabajos tambi\u00e9n incluyen la rehabilitaci\u00f3n de la carretera alimentadora San Juan Mixtepec-Juxtlahuaca que comprende 31 kil\u00f3metros; al igual que de las carreteras federales Putla de Guerrero-Pinotepa Nacional con 138 kil\u00f3metros y San Mart\u00edn Peras-Juxtlahuaca-Coicoy\u00e1n-Metlat\u00f3noc-Chilixtlahuaca con 40 kil\u00f3metros.<\/p>\n","protected":false},"excerpt":{"rendered":"<p>Redacci\u00f3n\/Zona Roja.&nbsp; Oaxaca de Ju\u00e1rez, Oax. 3 de marzo de 2025.- El gobernador Salom\u00f3n Jara&hellip;<\/p>\n","protected":false},"author":2,"featured_media":78082,"comment_status":"closed","ping_status":"open","sticky":false,"template":"","format":"standard","meta":{"_lmt_disableupdate":"","_lmt_disable":"","_jetpack_memberships_contains_paid_content":false,"footnotes":""},"categories":[109,46],"tags":[939],"class_list":["post-78081","post","type-post","status-publish","format-standard","has-post-thumbnail","hentry","category-minuto-a-minuto","category-zona-blanca","tag-salomon-jara-cruz"],"jetpack_featured_media_url":"https:\/\/zonaroja.com.mx\/wp-content\/uploads\/2025\/03\/Anuncia-Salomon-Jara-atencion-a-infraestructura-carretera-de-Oaxaca.jpeg","jetpack_sharing_enabled":true,"_links":{"self":[{"href":"https:\/\/zonaroja.com.mx\/index.php?rest_route=\/wp\/v2\/posts\/78081","targetHints":{"allow":["GET"]}}],"collection":[{"href":"https:\/\/zonaroja.com.mx\/index.php?rest_route=\/wp\/v2\/posts"}],"about":[{"href":"https:\/\/zonaroja.com.mx\/index.php?rest_route=\/wp\/v2\/types\/post"}],"author":[{"embeddable":true,"href":"https:\/\/zonaroja.com.mx\/index.php?rest_route=\/wp\/v2\/users\/2"}],"replies":[{"embeddable":true,"href":"https:\/\/zonaroja.com.mx\/index.php?rest_route=%2Fwp%2Fv2%2Fcomments&post=78081"}],"version-history":[{"count":1,"href":"https:\/\/zonaroja.com.mx\/index.php?rest_route=\/wp\/v2\/posts\/78081\/revisions"}],"predecessor-version":[{"id":78083,"href":"https:\/\/zonaroja.com.mx\/index.php?rest_route=\/wp\/v2\/posts\/78081\/revisions\/78083"}],"wp:featuredmedia":[{"embeddable":true,"href":"https:\/\/zonaroja.com.mx\/index.php?rest_route=\/wp\/v2\/media\/78082"}],"wp:attachment":[{"href":"https:\/\/zonaroja.com.mx\/index.php?rest_route=%2Fwp%2Fv2%2Fmedia&parent=78081"}],"wp:term":[{"taxonomy":"category","embeddable":true,"href":"https:\/\/zonaroja.com.mx\/index.php?rest_route=%2Fwp%2Fv2%2Fcategories&post=78081"},{"taxonomy":"post_tag","embeddable":true,"href":"https:\/\/zonaroja.com.mx\/index.php?rest_route=%2Fwp%2Fv2%2Ftags&post=78081"}],"curies":[{"name":"wp","href":"https:\/\/api.w.org\/{rel}","templated":true}]}}