{"id":78084,"date":"2025-03-03T20:18:59","date_gmt":"2025-03-04T02:18:59","guid":{"rendered":"https:\/\/zonaroja.com.mx\/?p=78084"},"modified":"2025-03-03T20:19:01","modified_gmt":"2025-03-04T02:19:01","slug":"asesinan-a-un-individuo-en-una-escuela-de-guichicovi-oaxaca","status":"publish","type":"post","link":"https:\/\/zonaroja.com.mx\/?p=78084","title":{"rendered":"Asesinan a un individuo en una escuela de Guichicovi, Oaxaca"},"content":{"rendered":"\n<p>Raymundo Morales\/Zona Roja.<\/p>\n\n\n\n<p>Oaxaca de Ju\u00e1rez, Oax., a 3 de marzo de 2025.- Una persona del sexo masculino fue ejecutada a balazos en un plantel escolar del municipio de San Juan Guichicovi, Oaxaca, cuando iba a recoger a su hijo.<\/p>\n\n\n\n<p>El crimen se perpetr\u00f3 la ma\u00f1ana de hoy en el centro preescolar \u201cJosefa Ortiz de Dom\u00ednguez\u201d de la comunidad de El Zarzal de dicho municipio, en la zona norte del Istmo de Tehuantepec.<\/p>\n\n\n\n<p>El cuerpo presentaba al menos 13 impactos de arma de fuego y la v\u00edctima fue identificada de manera preliminar como \u00c1ngel C., de aproximadamente 36 a\u00f1os de edad.<\/p>\n\n\n\n<p>El hombre hab\u00eda acudido por su hijo cuando sujetos armados lo acribillaron, frente a la mirada de su menor y de otros peque\u00f1os, tras lo cual huyeron de la zona.<\/p>\n\n\n\n<p>Otras dos personas, madres de familia, resultaron lesionadas por impactos de bala, aunque no amerizaron hospitalizaci\u00f3n.<\/p>\n\n\n\n<p>Personal de la Vicefiscal\u00eda Regional del Istmo, dependiente de la Fiscal\u00eda General del Estado de Oaxaca, arrib\u00f3 a la zona para iniciar las investigaciones correspondientes y dar con el paradero de los criminales.<\/p>\n","protected":false},"excerpt":{"rendered":"<p>Raymundo Morales\/Zona Roja. Oaxaca de Ju\u00e1rez, Oax., a 3 de marzo de 2025.- Una persona&hellip;<\/p>\n","protected":false},"author":2,"featured_media":78085,"comment_status":"closed","ping_status":"open","sticky":false,"template":"","format":"standard","meta":{"_lmt_disableupdate":"","_lmt_disable":"","_jetpack_memberships_contains_paid_content":false,"footnotes":""},"categories":[109,47],"tags":[699],"class_list":["post-78084","post","type-post","status-publish","format-standard","has-post-thumbnail","hentry","category-minuto-a-minuto","category-zona-gris","tag-san-juan-guichicovi"],"jetpack_featured_media_url":"https:\/\/zonaroja.com.mx\/wp-content\/uploads\/2025\/03\/San-Juan-Guichicovi.jpg","jetpack_sharing_enabled":true,"_links":{"self":[{"href":"https:\/\/zonaroja.com.mx\/index.php?rest_route=\/wp\/v2\/posts\/78084","targetHints":{"allow":["GET"]}}],"collection":[{"href":"https:\/\/zonaroja.com.mx\/index.php?rest_route=\/wp\/v2\/posts"}],"about":[{"href":"https:\/\/zonaroja.com.mx\/index.php?rest_route=\/wp\/v2\/types\/post"}],"author":[{"embeddable":true,"href":"https:\/\/zonaroja.com.mx\/index.php?rest_route=\/wp\/v2\/users\/2"}],"replies":[{"embeddable":true,"href":"https:\/\/zonaroja.com.mx\/index.php?rest_route=%2Fwp%2Fv2%2Fcomments&post=78084"}],"version-history":[{"count":1,"href":"https:\/\/zonaroja.com.mx\/index.php?rest_route=\/wp\/v2\/posts\/78084\/revisions"}],"predecessor-version":[{"id":78086,"href":"https:\/\/zonaroja.com.mx\/index.php?rest_route=\/wp\/v2\/posts\/78084\/revisions\/78086"}],"wp:featuredmedia":[{"embeddable":true,"href":"https:\/\/zonaroja.com.mx\/index.php?rest_route=\/wp\/v2\/media\/78085"}],"wp:attachment":[{"href":"https:\/\/zonaroja.com.mx\/index.php?rest_route=%2Fwp%2Fv2%2Fmedia&parent=78084"}],"wp:term":[{"taxonomy":"category","embeddable":true,"href":"https:\/\/zonaroja.com.mx\/index.php?rest_route=%2Fwp%2Fv2%2Fcategories&post=78084"},{"taxonomy":"post_tag","embeddable":true,"href":"https:\/\/zonaroja.com.mx\/index.php?rest_route=%2Fwp%2Fv2%2Ftags&post=78084"}],"curies":[{"name":"wp","href":"https:\/\/api.w.org\/{rel}","templated":true}]}}