{"id":78087,"date":"2025-03-03T22:18:27","date_gmt":"2025-03-04T04:18:27","guid":{"rendered":"https:\/\/zonaroja.com.mx\/?p=78087"},"modified":"2025-03-03T22:18:29","modified_gmt":"2025-03-04T04:18:29","slug":"vincula-a-proceso-a-tres-sujetos-que-aplicaron-llave-china-y-robaron-a-transeunte","status":"publish","type":"post","link":"https:\/\/zonaroja.com.mx\/?p=78087","title":{"rendered":"Vincula a proceso a tres sujetos que aplicaron \u201cllave China\u201d y robaron a transe\u00fante"},"content":{"rendered":"\n<p>Redacci\u00f3n\/Zona Roja.&nbsp;<\/p>\n\n\n\n<p>Oaxaca de Ju\u00e1rez, Oax., a 3 de marzo de 2025.- Derivado de los trabajos de investigaci\u00f3n e inteligencia criminal, la Fiscal\u00eda General del Estado de Oaxaca (FGEO) obtuvo la vinculaci\u00f3n a proceso de tres personas del sexo masculino por el delito de robo calificado con violencia f\u00edsica y moral, hechos ocurridos en los Valles Centrales.<\/p>\n\n\n\n<p>De acuerdo con lo establecido en el expediente penal, los hechos ocurrieron el 11 de febrero de 2025, cuando la v\u00edctima caminaba por calles del Centro Hist\u00f3rico de la ciudad de Oaxaca de Ju\u00e1rez, cuando fue agredido f\u00edsicamente a quien le aplicaron una \u201cllave china\u201d para que posteriormente despojarlo de un equipo de telefon\u00eda celular, as\u00ed como de dinero en efectivo.<\/p>\n\n\n\n<p>Tras estos hechos, la Fiscal\u00eda de Oaxaca inici\u00f3 la investigaci\u00f3n correspondiente a trav\u00e9s de la Vicefiscal\u00eda de Valles Centrales, que present\u00f3 ante el Juez a tres personas del sexo masculino identificadas como K.O.C.V., J.S.I., y A.R.J.J., a quienes dict\u00f3 auto de vinculaci\u00f3n a proceso en su contra por el delito de robo calificado con violencia f\u00edsica y moral, adem\u00e1s dict\u00f3 la medida de prisi\u00f3n preventiva, adem\u00e1s de otorgar un mes para el cierre de la investigaci\u00f3n complementaria.<\/p>\n\n\n\n<p>DOS DETENIDOS<\/p>\n\n\n\n<p>Por otra parte, la Fiscal\u00eda General del Estado de Oaxaca (FGEO) dio cumplimiento a dos \u00f3rdenes de aprehensi\u00f3n en contra de dos personas del sexo masculino identificados como G.R.S. y J.P.G.G., por el delito de homicidio calificado con ventaja en agravio de J.B.P.G., ocurrido en la regi\u00f3n de la Costa.<\/p>\n\n\n\n<p>De acuerdo con lo asentado en el expediente penal de caso, los hechos sucedieron el 8 de enero de 2025, cuando la v\u00edctima se encontraba en la parada de camionetas de pasaje que salen con direcci\u00f3n al Puente San Juan del distrito de San Pedro Pochutla, lugar donde fue atacado con disparos de arma de fuego provoc\u00e1ndole lesiones que lo privaron de la vida.<\/p>\n\n\n\n<p>Ante estos hechos, la Fiscal\u00eda General del Estado de Oaxaca, a trav\u00e9s de la Vicefiscal\u00eda Regional de la Costa, realiz\u00f3 las investigaciones correspondientes que permitieron obtener las \u00f3rdenes de aprehensi\u00f3n respectivas en contra de G.R.S y J.P.G.G., por el delito de homicidio calificado con ventaja.<\/p>\n\n\n\n<p>Ambos fueron detenidos en diferentes momentos, derivado de un operativo efectuado por elementos de la Fiscal\u00eda Especializada para la Atenci\u00f3n de Delitos de Alto Impacto de la FGEO; posteriormente, fueron puestos a disposici\u00f3n del Ministerio P\u00fablico para determinar su situaci\u00f3n jur\u00eddica.<\/p>\n","protected":false},"excerpt":{"rendered":"<p>Redacci\u00f3n\/Zona Roja.&nbsp; Oaxaca de Ju\u00e1rez, Oax., a 3 de marzo de 2025.- Derivado de los&hellip;<\/p>\n","protected":false},"author":2,"featured_media":78088,"comment_status":"closed","ping_status":"open","sticky":false,"template":"","format":"standard","meta":{"_lmt_disableupdate":"","_lmt_disable":"","_jetpack_memberships_contains_paid_content":false,"footnotes":""},"categories":[109,46],"tags":[494],"class_list":["post-78087","post","type-post","status-publish","format-standard","has-post-thumbnail","hentry","category-minuto-a-minuto","category-zona-blanca","tag-fiscalia-general-del-estado-de-oaxaca"],"jetpack_featured_media_url":"https:\/\/zonaroja.com.mx\/wp-content\/uploads\/2025\/03\/Detenidos-llave-china-ciudad-de-Oaxaca.jpg","jetpack_sharing_enabled":true,"_links":{"self":[{"href":"https:\/\/zonaroja.com.mx\/index.php?rest_route=\/wp\/v2\/posts\/78087","targetHints":{"allow":["GET"]}}],"collection":[{"href":"https:\/\/zonaroja.com.mx\/index.php?rest_route=\/wp\/v2\/posts"}],"about":[{"href":"https:\/\/zonaroja.com.mx\/index.php?rest_route=\/wp\/v2\/types\/post"}],"author":[{"embeddable":true,"href":"https:\/\/zonaroja.com.mx\/index.php?rest_route=\/wp\/v2\/users\/2"}],"replies":[{"embeddable":true,"href":"https:\/\/zonaroja.com.mx\/index.php?rest_route=%2Fwp%2Fv2%2Fcomments&post=78087"}],"version-history":[{"count":1,"href":"https:\/\/zonaroja.com.mx\/index.php?rest_route=\/wp\/v2\/posts\/78087\/revisions"}],"predecessor-version":[{"id":78089,"href":"https:\/\/zonaroja.com.mx\/index.php?rest_route=\/wp\/v2\/posts\/78087\/revisions\/78089"}],"wp:featuredmedia":[{"embeddable":true,"href":"https:\/\/zonaroja.com.mx\/index.php?rest_route=\/wp\/v2\/media\/78088"}],"wp:attachment":[{"href":"https:\/\/zonaroja.com.mx\/index.php?rest_route=%2Fwp%2Fv2%2Fmedia&parent=78087"}],"wp:term":[{"taxonomy":"category","embeddable":true,"href":"https:\/\/zonaroja.com.mx\/index.php?rest_route=%2Fwp%2Fv2%2Fcategories&post=78087"},{"taxonomy":"post_tag","embeddable":true,"href":"https:\/\/zonaroja.com.mx\/index.php?rest_route=%2Fwp%2Fv2%2Ftags&post=78087"}],"curies":[{"name":"wp","href":"https:\/\/api.w.org\/{rel}","templated":true}]}}