{"id":78090,"date":"2025-03-04T07:15:00","date_gmt":"2025-03-04T13:15:00","guid":{"rendered":"https:\/\/zonaroja.com.mx\/?p=78090"},"modified":"2025-03-04T06:03:22","modified_gmt":"2025-03-04T12:03:22","slug":"reafirma-edil-de-oaxaca-respeto-y-colaboracion-con-sindicato-independiente-3-de-marzo","status":"publish","type":"post","link":"https:\/\/zonaroja.com.mx\/?p=78090","title":{"rendered":"Reafirma edil de Oaxaca respeto y colaboraci\u00f3n con Sindicato Independiente \u00ab3 de Marzo\u00bb"},"content":{"rendered":"\n<p>Redacci\u00f3n\/Zona Roja.<\/p>\n\n\n\n<p>Oaxaca de Ju\u00e1rez, Oax., a 4 de marzo de 2025.- El presidente municipal de Oaxaca de Ju\u00e1rez, Ray Chagoya, expres\u00f3 su reconocimiento a los hombres y mujeres que forman parte del Sindicato Independiente \u00ab3 de Marzo\u00bb, quienes en el marco de su \u00a051 aniversario han demostrado un compromiso inquebrantable con el desarrollo y bienestar de la ciudad de Oaxaca.<\/p>\n\n\n\n<p>Durante el evento celebrado este lunes, destac\u00f3 la invaluable labor que los miembros del sindicato realizan, contribuyendo activamente al progreso y mejora de los servicios p\u00fablicos en la capital oaxaque\u00f1a.<\/p>\n\n\n\n<p>Reconoci\u00f3 su esfuerzo diario en cada rinc\u00f3n de la ciudad, destacando que su trabajo no solo beneficia a la ciudadan\u00eda, sino que tambi\u00e9n es fundamental para consolidar a Oaxaca como una ciudad de oportunidades.<\/p>\n\n\n\n<p>\u00abHoy celebramos no solo un aniversario m\u00e1s de su sindicato, sino tambi\u00e9n su dedicaci\u00f3n y pasi\u00f3n por Oaxaca. Los hombres y mujeres del &#8216;3 de Marzo&#8217; han sido pieza clave en la construcci\u00f3n de una mejor ciudad, y desde el municipio, estamos comprometidos a seguir trabajando junto a ustedes para hacer de nuestra capital un lugar donde todos podamos vivir mejor\u00bb, se\u00f1al\u00f3 el edil.<\/p>\n\n\n\n<p>Reafirm\u00f3 su compromiso de continuar impulsando el trabajo en conjunto con los sindicatos, como el 3 de Marzo, con el objetivo de seguir mejorando las condiciones de vida de los habitantes de la ciudad de Oaxaca.<\/p>\n\n\n\n<p>En este marco se realiz\u00f3 una calenda conmemorativa que lleg\u00f3 a la Plaza de la Danza, donde en un ambiente de j\u00fabilo se celebraron m\u00e1s de cinco d\u00e9cadas de trabajo.<\/p>\n","protected":false},"excerpt":{"rendered":"<p>Redacci\u00f3n\/Zona Roja. Oaxaca de Ju\u00e1rez, Oax., a 4 de marzo de 2025.- El presidente municipal&hellip;<\/p>\n","protected":false},"author":2,"featured_media":78091,"comment_status":"closed","ping_status":"open","sticky":false,"template":"","format":"standard","meta":{"_lmt_disableupdate":"","_lmt_disable":"","_jetpack_memberships_contains_paid_content":false,"footnotes":""},"categories":[109,46],"tags":[4142],"class_list":["post-78090","post","type-post","status-publish","format-standard","has-post-thumbnail","hentry","category-minuto-a-minuto","category-zona-blanca","tag-raymundo-chagoya"],"jetpack_featured_media_url":"https:\/\/zonaroja.com.mx\/wp-content\/uploads\/2025\/03\/Edil-Ray-Chagoya-sindicato-3-de-marzo.jpeg","jetpack_sharing_enabled":true,"_links":{"self":[{"href":"https:\/\/zonaroja.com.mx\/index.php?rest_route=\/wp\/v2\/posts\/78090","targetHints":{"allow":["GET"]}}],"collection":[{"href":"https:\/\/zonaroja.com.mx\/index.php?rest_route=\/wp\/v2\/posts"}],"about":[{"href":"https:\/\/zonaroja.com.mx\/index.php?rest_route=\/wp\/v2\/types\/post"}],"author":[{"embeddable":true,"href":"https:\/\/zonaroja.com.mx\/index.php?rest_route=\/wp\/v2\/users\/2"}],"replies":[{"embeddable":true,"href":"https:\/\/zonaroja.com.mx\/index.php?rest_route=%2Fwp%2Fv2%2Fcomments&post=78090"}],"version-history":[{"count":1,"href":"https:\/\/zonaroja.com.mx\/index.php?rest_route=\/wp\/v2\/posts\/78090\/revisions"}],"predecessor-version":[{"id":78092,"href":"https:\/\/zonaroja.com.mx\/index.php?rest_route=\/wp\/v2\/posts\/78090\/revisions\/78092"}],"wp:featuredmedia":[{"embeddable":true,"href":"https:\/\/zonaroja.com.mx\/index.php?rest_route=\/wp\/v2\/media\/78091"}],"wp:attachment":[{"href":"https:\/\/zonaroja.com.mx\/index.php?rest_route=%2Fwp%2Fv2%2Fmedia&parent=78090"}],"wp:term":[{"taxonomy":"category","embeddable":true,"href":"https:\/\/zonaroja.com.mx\/index.php?rest_route=%2Fwp%2Fv2%2Fcategories&post=78090"},{"taxonomy":"post_tag","embeddable":true,"href":"https:\/\/zonaroja.com.mx\/index.php?rest_route=%2Fwp%2Fv2%2Ftags&post=78090"}],"curies":[{"name":"wp","href":"https:\/\/api.w.org\/{rel}","templated":true}]}}