{"id":78093,"date":"2025-03-04T08:15:00","date_gmt":"2025-03-04T14:15:00","guid":{"rendered":"https:\/\/zonaroja.com.mx\/?p=78093"},"modified":"2025-03-04T06:08:43","modified_gmt":"2025-03-04T12:08:43","slug":"cumple-trump-e-impone-aranceles-a-mexico-canada-y-china","status":"publish","type":"post","link":"https:\/\/zonaroja.com.mx\/?p=78093","title":{"rendered":"Cumple Trump e impone aranceles a M\u00e9xico, Canad\u00e1 y China"},"content":{"rendered":"\n<p>Redacci\u00f3n\/Zona Roja Cdmx.<\/p>\n\n\n\n<p>Ciudad de M\u00e9xico, a 4 de marzo de 2025.- El presidente Donald Trump orden\u00f3 la imposici\u00f3n de aranceles de 25 por ciento a las importaciones de M\u00e9xico y Canad\u00e1 y duplic\u00f3 el arancel sobre China a 20 por ciento.&nbsp;<\/p>\n\n\n\n<p>Con ello pone fin \u2013por ahora\u2013 a las intensas negociaciones de los pa\u00edses vecinos y la especulaci\u00f3n cada vez m\u00e1s intensa entre la c\u00fapula econ\u00f3mica sobre si el mandatario apretar\u00eda el gatillo comercial o no.<\/p>\n\n\n\n<p>\u201cYa no hay espacio para M\u00e9xico o Canad\u00e1. Los&nbsp;aranceles entrar\u00e1n en vigor a la medianoche\u201d, afirm\u00f3 ayer,&nbsp;para dejar claro que esta vez&nbsp;\u2013a diferencia de hace un mes\u2013&nbsp;no habr\u00e1 marcha atr\u00e1s.&nbsp;<\/p>\n\n\n\n<p>Declar\u00f3 que su objetivo con estas medidas es ofrecer incentivos para que los fabricantes trasladen sus plantas de regreso a Estados Unidos o inviertan aqu\u00ed primero.<\/p>\n\n\n\n<p>Durante el \u00faltimo mes, el presidente estadunidense hab\u00eda insistido en que su objetivo con los aranceles era obligar a M\u00e9xico y a Canad\u00e1 a frenar el flujo migratorio y el fentanilo a Estados Unidos, pero la tarde de este lunes eso pareci\u00f3 ser secundario o lo olvid\u00f3.&nbsp;<\/p>\n\n\n\n<p>Fue despu\u00e9s de anunciar los aranceles y su deseo de obligar a las empresas a producir en su pa\u00eds que Trump record\u00f3 que \u201cs\u00f3lo para que se entienda, cantidades vastas de fentanilo est\u00e1n vistiendo a nuestro pa\u00eds desde M\u00e9xico\u201d.<\/p>\n\n\n\n<p>LE RESPONDEN<\/p>\n\n\n\n<p>Canad\u00e1 aplicar\u00e1 aranceles a los productos estadunidenses a partir del martes en respuesta a los anunciados por el presidente Donald Trump, asegur\u00f3 este lunes el primer ministro canadiense, Justin Trudeau, quien consider\u00f3 que \u201cnada justifica estas medidas\u201d de Washington.<\/p>\n\n\n\n<p>\u201cSi los aranceles de Estados Unidos entran en vigor, Canad\u00e1 responder\u00e1 a partir de la medianoche aplicando grav\u00e1menes de 25 por ciento sobre 155 mil millones de d\u00f3lares en bienes estadunidenses\u201d, afirm\u00f3 Trudeau en un comunicado.<\/p>\n\n\n\n<p>Antes el primer ministro de Ontario, Doug Ford, advirti\u00f3 que cortar\u00e1 el suministro el\u00e9ctrico desde esa provincia de Canad\u00e1 a varios estados estadunidenses si Trump sigue adelante con la aplicaci\u00f3n de sus aranceles.<\/p>\n\n\n\n<p>\u201cSi quieren intentar aniquilar a Ontario, har\u00e9 lo que sea, incluso cortarles la energ\u00eda, con una sonrisa en la cara\u201d, dijo Ford durante una conferencia de prensa.<\/p>\n\n\n\n<p>En tanto China advirti\u00f3 que adoptar\u00e1 \u201ccontramedidas\u201d ante los nuevos aranceles estadunidenses.<\/p>\n\n\n\n<p>\u201cChina est\u00e1 fuertemente insatisfecha con eso y se opone firmemente, y tomar\u00e1 contramedidas para resguardar decididamente sus propios derechos e intereses\u201d, indic\u00f3 en un comunicado un portavoz del Ministerio de Comercio chino.<\/p>\n\n\n\n<p>(Informaci\u00f3n de agencias y corresponsales en \u201cLa Jornada\u201d)<\/p>\n","protected":false},"excerpt":{"rendered":"<p>Redacci\u00f3n\/Zona Roja Cdmx. Ciudad de M\u00e9xico, a 4 de marzo de 2025.- El presidente Donald&hellip;<\/p>\n","protected":false},"author":2,"featured_media":78094,"comment_status":"closed","ping_status":"open","sticky":false,"template":"","format":"standard","meta":{"_lmt_disableupdate":"","_lmt_disable":"","_jetpack_memberships_contains_paid_content":false,"footnotes":""},"categories":[109,47],"tags":[1060],"class_list":["post-78093","post","type-post","status-publish","format-standard","has-post-thumbnail","hentry","category-minuto-a-minuto","category-zona-gris","tag-donald-trump"],"jetpack_featured_media_url":"https:\/\/zonaroja.com.mx\/wp-content\/uploads\/2025\/03\/Donald-Trump-aranceles-Mexico-China.jpeg","jetpack_sharing_enabled":true,"_links":{"self":[{"href":"https:\/\/zonaroja.com.mx\/index.php?rest_route=\/wp\/v2\/posts\/78093","targetHints":{"allow":["GET"]}}],"collection":[{"href":"https:\/\/zonaroja.com.mx\/index.php?rest_route=\/wp\/v2\/posts"}],"about":[{"href":"https:\/\/zonaroja.com.mx\/index.php?rest_route=\/wp\/v2\/types\/post"}],"author":[{"embeddable":true,"href":"https:\/\/zonaroja.com.mx\/index.php?rest_route=\/wp\/v2\/users\/2"}],"replies":[{"embeddable":true,"href":"https:\/\/zonaroja.com.mx\/index.php?rest_route=%2Fwp%2Fv2%2Fcomments&post=78093"}],"version-history":[{"count":1,"href":"https:\/\/zonaroja.com.mx\/index.php?rest_route=\/wp\/v2\/posts\/78093\/revisions"}],"predecessor-version":[{"id":78095,"href":"https:\/\/zonaroja.com.mx\/index.php?rest_route=\/wp\/v2\/posts\/78093\/revisions\/78095"}],"wp:featuredmedia":[{"embeddable":true,"href":"https:\/\/zonaroja.com.mx\/index.php?rest_route=\/wp\/v2\/media\/78094"}],"wp:attachment":[{"href":"https:\/\/zonaroja.com.mx\/index.php?rest_route=%2Fwp%2Fv2%2Fmedia&parent=78093"}],"wp:term":[{"taxonomy":"category","embeddable":true,"href":"https:\/\/zonaroja.com.mx\/index.php?rest_route=%2Fwp%2Fv2%2Fcategories&post=78093"},{"taxonomy":"post_tag","embeddable":true,"href":"https:\/\/zonaroja.com.mx\/index.php?rest_route=%2Fwp%2Fv2%2Ftags&post=78093"}],"curies":[{"name":"wp","href":"https:\/\/api.w.org\/{rel}","templated":true}]}}