{"id":78101,"date":"2025-03-04T11:22:00","date_gmt":"2025-03-04T17:22:00","guid":{"rendered":"https:\/\/zonaroja.com.mx\/?p=78101"},"modified":"2025-03-04T06:25:59","modified_gmt":"2025-03-04T12:25:59","slug":"opinion-el-mitote","status":"publish","type":"post","link":"https:\/\/zonaroja.com.mx\/?p=78101","title":{"rendered":"Opini\u00f3n. El mitote"},"content":{"rendered":"\n<p>Isidoro Yescas*&nbsp;<\/p>\n\n\n\n<p>La primera reacci\u00f3n del Poder Ejecutivo fue negar la&nbsp;existencia&nbsp;del&nbsp;paro y &nbsp;que la protesta de la Polic\u00eda Estatal se hubiese generado por la pretensi\u00f3n gubernamental de despedir a los polic\u00edas que no aprobaron el examen de control de confianza.<\/p>\n\n\n\n<p>Desde la Secretar\u00eda de Gobierno, la respuesta m\u00e1s f\u00e1cil para intentar restarle importancia al paro y la amplia cobertura otorgada por los medios de&nbsp;informaci\u00f3n &nbsp;(y por supuesto, \u201cLa Jornada\u201d) fue calificar a algunos de estos medios de amarillistas y subrayar que el conflicto ya se estaba&nbsp;atendiendo, para&nbsp;rematar con esta frase: \u201cTodo lo dem\u00e1s es mitote\u201d&nbsp;(sic).<\/p>\n\n\n\n<p>Y&nbsp;antes de que este \u201cmitote\u201d abriera otro boquete pol\u00edtico al gobierno&nbsp;primaveral,&nbsp;el gobernador Salom\u00f3n Jara&nbsp;entr\u00f3&nbsp;al quite &nbsp;para informar&nbsp;el mismo d\u00eda del estallamiento del paro&nbsp;que al &nbsp;inicio de su gobierno se hab\u00eda incrementado el sueldo de los y las polic\u00edas (de 8 mil a 13&nbsp;mil pesos) para luego anunciar que se les beneficiar\u00e1 con el programa de construcci\u00f3n de &nbsp;viviendas que el Infonavit desarrollar\u00e1 en la entidad y se estar\u00eda considerando incrementar el fondo de pensiones.&nbsp;<\/p>\n\n\n\n<p>Aunque el factor que deton\u00f3 que la inconformidad policial fue el&nbsp;fundado&nbsp;temor a un despido masivo por la no aprobaci\u00f3n del examen de control de confianza que a nivel nacional es un requisito indispensable para conservar el empleo,&nbsp;la rebeli\u00f3n en la granja&nbsp;jarista&nbsp;hizo&nbsp;visibles otras carencias e irregularidades&nbsp;en la Secretar\u00eda de Seguridad&nbsp;y Protecci\u00f3n Ciudadana&nbsp;&nbsp;del gobierno del estado:&nbsp;equipamiento deficiente,&nbsp;prestaciones laborales m\u00ednimas,&nbsp;corrupci\u00f3n y todo tipo de abusos &nbsp;de&nbsp;los&nbsp;jefes policiacos, etc.<\/p>\n\n\n\n<p>Concentrados en el cuartel de la&nbsp;SSPC&nbsp;los polic\u00edas se mantuvieron en paro total hasta la noche del viernes 28 y lo levantaron condicionado a que en dos semanas el gobierno del estado deber\u00e1 responder a su pliego petitorio que incluye demandas para mejorar sus condiciones de trabajo y en sus prestaciones m\u00e9dicas y de&nbsp;vivienda, regularizar&nbsp;&nbsp;el aumento salarial de 13 mil pesos y revisar la permanencia o remoci\u00f3n de altos mandos polic\u00edacos.&nbsp;<\/p>\n\n\n\n<p>Sobre este \u00faltimo punto, lo m\u00e1s probable es que el hilo se rompa por lo&nbsp;m\u00e1s &nbsp;delgado&nbsp;y a la \u201crenuncia\u201d del Comisionado Pl\u00e1cido&nbsp;Jarquin, sigan otras de rango similar,&nbsp;pero dif\u00edcilmente se estar\u00eda procediendo en contra del titular de la SSPC, Iv\u00e1n Garc\u00eda,&nbsp;que se constituy\u00f3 en una reclamo generalizado de los polic\u00edas inconformes.&nbsp;<\/p>\n\n\n\n<p>Lo anterior por dos razones: primero, porque es un nombramiento sugerido por el gobierno federal y, segundo, porque en el gobierno primaveral est\u00e1 muy arraigado el&nbsp;anacr\u00f3nico &nbsp;\u201cprincipio de autoridad\u201d .&nbsp;<\/p>\n\n\n\n<p>No lo hicieron con Donato Vargas, pese a su manchado expediente y&nbsp;las &nbsp;m\u00faltiples&nbsp;exigencias de organismos feministas para que fuera destituido,&nbsp;y en esta ocasi\u00f3n tampoco lo har\u00e1n con un funcionario policiaco de primer nivel.<\/p>\n\n\n\n<p>Al contrario, en estas dos semanas de pausa el gobierno del estado&nbsp;podr\u00eda intentar dividir a los polic\u00edas que se&nbsp;rebelaron,&nbsp;cooptar&nbsp;a otros y a los m\u00e1s duros los podr\u00edan despedir.&nbsp;<\/p>\n\n\n\n<p>Espero equivocarme y que, en dos semanas, las respuestas que ofrezca del Gobierno del Estado a los trabajadores uniformados abran la puerta a soluciones de fondo a cada una de las demandas de quienes hoy recurrieron a una medida extrema&nbsp;(\u00bfel mitote?) &nbsp;para ser escuchados y atendidos.&nbsp;<\/p>\n\n\n\n<p>*Maestro en Sociolog\u00eda.<\/p>\n\n\n\n<p>X: @YescasIsidoro<\/p>\n","protected":false},"excerpt":{"rendered":"<p>Isidoro Yescas*&nbsp; La primera reacci\u00f3n del Poder Ejecutivo fue negar la&nbsp;existencia&nbsp;del&nbsp;paro y &nbsp;que la protesta&hellip;<\/p>\n","protected":false},"author":2,"featured_media":71623,"comment_status":"closed","ping_status":"open","sticky":false,"template":"","format":"standard","meta":{"_lmt_disableupdate":"","_lmt_disable":"","_jetpack_memberships_contains_paid_content":false,"footnotes":""},"categories":[456,109],"tags":[3998],"class_list":["post-78101","post","type-post","status-publish","format-standard","has-post-thumbnail","hentry","category-columna","category-minuto-a-minuto","tag-isidoro-yescas-martinez"],"jetpack_featured_media_url":"https:\/\/zonaroja.com.mx\/wp-content\/uploads\/2024\/08\/Opinion.-Isidoro-Yescas.jpg","jetpack_sharing_enabled":true,"_links":{"self":[{"href":"https:\/\/zonaroja.com.mx\/index.php?rest_route=\/wp\/v2\/posts\/78101","targetHints":{"allow":["GET"]}}],"collection":[{"href":"https:\/\/zonaroja.com.mx\/index.php?rest_route=\/wp\/v2\/posts"}],"about":[{"href":"https:\/\/zonaroja.com.mx\/index.php?rest_route=\/wp\/v2\/types\/post"}],"author":[{"embeddable":true,"href":"https:\/\/zonaroja.com.mx\/index.php?rest_route=\/wp\/v2\/users\/2"}],"replies":[{"embeddable":true,"href":"https:\/\/zonaroja.com.mx\/index.php?rest_route=%2Fwp%2Fv2%2Fcomments&post=78101"}],"version-history":[{"count":1,"href":"https:\/\/zonaroja.com.mx\/index.php?rest_route=\/wp\/v2\/posts\/78101\/revisions"}],"predecessor-version":[{"id":78102,"href":"https:\/\/zonaroja.com.mx\/index.php?rest_route=\/wp\/v2\/posts\/78101\/revisions\/78102"}],"wp:featuredmedia":[{"embeddable":true,"href":"https:\/\/zonaroja.com.mx\/index.php?rest_route=\/wp\/v2\/media\/71623"}],"wp:attachment":[{"href":"https:\/\/zonaroja.com.mx\/index.php?rest_route=%2Fwp%2Fv2%2Fmedia&parent=78101"}],"wp:term":[{"taxonomy":"category","embeddable":true,"href":"https:\/\/zonaroja.com.mx\/index.php?rest_route=%2Fwp%2Fv2%2Fcategories&post=78101"},{"taxonomy":"post_tag","embeddable":true,"href":"https:\/\/zonaroja.com.mx\/index.php?rest_route=%2Fwp%2Fv2%2Ftags&post=78101"}],"curies":[{"name":"wp","href":"https:\/\/api.w.org\/{rel}","templated":true}]}}