{"id":78103,"date":"2025-03-04T11:26:00","date_gmt":"2025-03-04T17:26:00","guid":{"rendered":"https:\/\/zonaroja.com.mx\/?p=78103"},"modified":"2025-03-04T06:28:37","modified_gmt":"2025-03-04T12:28:37","slug":"vive-con-intensidad-putla-villa-de-guerrero-el-desfile-de-carnaval","status":"publish","type":"post","link":"https:\/\/zonaroja.com.mx\/?p=78103","title":{"rendered":"Vive con intensidad Putla Villa de Guerrero el desfile de carnaval"},"content":{"rendered":"\n<p>Redacci\u00f3n\/Zona Roja.<\/p>\n\n\n\n<p>Oaxaca de Ju\u00e1rez, Oax. 3 de marzo de 2025.- La titular de la Secretar\u00eda de Turismo (Sectur), Saymi Pineda Velasco inaugur\u00f3 el desfile del Carnaval Putleco 2025, que llen\u00f3 de alegr\u00eda, m\u00fasica, danza y color las principales calles de este municipio; y las transform\u00f3 en espacio de tradici\u00f3n y viva historia oaxaque\u00f1a.<\/p>\n\n\n\n<p>Ante la asistencia de las y los putlecos que convivieron con visitantes locales, nacionales e internacionales; la funcionaria recalc\u00f3 que esta es una de las festividades m\u00e1s emblem\u00e1ticas de la entidad, reconocida como Patrimonio Cultural Inmaterial del Estado de Oaxaca.<\/p>\n\n\n\n<p>\u201cHoy, las calles de Putla Villa de Guerrero celebran una de las expresiones culturales m\u00e1s vibrantes de nuestra identidad\u201d, afirm\u00f3.<\/p>\n\n\n\n<p>Detall\u00f3 que desde el s\u00e1bado se comenz\u00f3 a vivir la magia de esta fiesta que llena de orgullo a las y los oaxaque\u00f1os, al tiempo que refuerza el compromiso de la Primavera Oaxaque\u00f1a de preservar las costumbres para futuras generaciones.<\/p>\n\n\n\n<p>Acompa\u00f1ada del presidente municipal, Pr\u00f3spero Francisco Cruz Ricardo y cientos de participantes que lucieron sus trajes tradicionales, vestimentas y disfraces coloridos; Pineda Velasco dijo que, en este Desfile Carnavalesco, se manifiesta la magia y br\u00edo de las comparsas, grupos culturales, instituciones educativas y majestuosos carros aleg\u00f3ricos; portadores de la riqueza y creatividad del pueblo.<\/p>\n\n\n\n<p>Asimismo, refiri\u00f3 que sin duda los protagonistas de esta festividad son los viejos con trajes de tiliches, quienes, con su energ\u00eda desbordante, m\u00e1scaras coloridas y alegr\u00eda contagiosa recuerdan que el carnaval es un espacio de libertad, diversi\u00f3n y tradici\u00f3n.<\/p>\n\n\n\n<p>Desde las m\u00e1scaras talladas con esmero hasta los vestuarios llenos de historia, representan el amor por la cultura e identidad que se comparte como pueblo; por lo que invit\u00f3 a las personas asistentes a disfrutar y celebrar con todo el coraz\u00f3n.<\/p>\n\n\n\n<p>\u201cQue esta fiesta nos recuerde la importancia de la uni\u00f3n, tradici\u00f3n y alegr\u00eda que nos define como putlecas y putlecos\u201d, concluy\u00f3.<\/p>\n\n\n\n<p>El Carnaval Putleco 2025 inici\u00f3 el 1 de marzo con el baile de coronaci\u00f3n de la reina del Carnaval, continu\u00f3 el 2 de marzo con el desfile y baile Carnavalesco y este 3 de marzo se realiz\u00f3 el recorrido de comparsas.<\/p>\n\n\n\n<p>Cabe se\u00f1alar que los carnavales son una tradici\u00f3n que se celebra antes de la cuaresma y cada regi\u00f3n del estado realiza sus propias fiestas con trajes, m\u00fasica, bailes y gastronom\u00eda \u00fanicos, atrayendo a miles de turistas de todas partes del mundo.<\/p>\n","protected":false},"excerpt":{"rendered":"<p>Redacci\u00f3n\/Zona Roja. Oaxaca de Ju\u00e1rez, Oax. 3 de marzo de 2025.- La titular de la&hellip;<\/p>\n","protected":false},"author":2,"featured_media":78104,"comment_status":"closed","ping_status":"open","sticky":false,"template":"","format":"standard","meta":{"_lmt_disableupdate":"","_lmt_disable":"","_jetpack_memberships_contains_paid_content":false,"footnotes":""},"categories":[109,46],"tags":[1031],"class_list":["post-78103","post","type-post","status-publish","format-standard","has-post-thumbnail","hentry","category-minuto-a-minuto","category-zona-blanca","tag-secretaria-de-turismo-oaxaca"],"jetpack_featured_media_url":"https:\/\/zonaroja.com.mx\/wp-content\/uploads\/2025\/03\/Desfile-del-Carnaval-Putleco-2025-historia-viva-de-Oaxaca-Sectur-1.jpg","jetpack_sharing_enabled":true,"_links":{"self":[{"href":"https:\/\/zonaroja.com.mx\/index.php?rest_route=\/wp\/v2\/posts\/78103","targetHints":{"allow":["GET"]}}],"collection":[{"href":"https:\/\/zonaroja.com.mx\/index.php?rest_route=\/wp\/v2\/posts"}],"about":[{"href":"https:\/\/zonaroja.com.mx\/index.php?rest_route=\/wp\/v2\/types\/post"}],"author":[{"embeddable":true,"href":"https:\/\/zonaroja.com.mx\/index.php?rest_route=\/wp\/v2\/users\/2"}],"replies":[{"embeddable":true,"href":"https:\/\/zonaroja.com.mx\/index.php?rest_route=%2Fwp%2Fv2%2Fcomments&post=78103"}],"version-history":[{"count":1,"href":"https:\/\/zonaroja.com.mx\/index.php?rest_route=\/wp\/v2\/posts\/78103\/revisions"}],"predecessor-version":[{"id":78105,"href":"https:\/\/zonaroja.com.mx\/index.php?rest_route=\/wp\/v2\/posts\/78103\/revisions\/78105"}],"wp:featuredmedia":[{"embeddable":true,"href":"https:\/\/zonaroja.com.mx\/index.php?rest_route=\/wp\/v2\/media\/78104"}],"wp:attachment":[{"href":"https:\/\/zonaroja.com.mx\/index.php?rest_route=%2Fwp%2Fv2%2Fmedia&parent=78103"}],"wp:term":[{"taxonomy":"category","embeddable":true,"href":"https:\/\/zonaroja.com.mx\/index.php?rest_route=%2Fwp%2Fv2%2Fcategories&post=78103"},{"taxonomy":"post_tag","embeddable":true,"href":"https:\/\/zonaroja.com.mx\/index.php?rest_route=%2Fwp%2Fv2%2Ftags&post=78103"}],"curies":[{"name":"wp","href":"https:\/\/api.w.org\/{rel}","templated":true}]}}