{"id":7811,"date":"2020-01-18T18:56:31","date_gmt":"2020-01-19T00:56:31","guid":{"rendered":"https:\/\/www.zonaroja.com.mx\/?p=7811"},"modified":"2020-01-18T18:56:34","modified_gmt":"2020-01-19T00:56:34","slug":"van-30-personas-desaparecidas-en-los-que-va-del-2020-en-oaxaca","status":"publish","type":"post","link":"https:\/\/zonaroja.com.mx\/?p=7811","title":{"rendered":"Van 30 personas desaparecidas en los que va del 2020 en Oaxaca"},"content":{"rendered":"\n<p>Evlin Arag\u00f3n\/Zona Roja.<\/p>\n\n\n\n<p>Oaxaca de Ju\u00e1rez, Oax., 18 de enero de 2020.- Alrededor de&nbsp;30 personas han sido reportadas como desparecidas en lo que va del 2020 en territorio oaxaque\u00f1o, de acuerdo con las fichas emitidas por la Unidad de B\u00fasqueda de Personas Desaparecidas y No Localizadas, dependiente de la Fiscal\u00eda General del Estado de Oaxaca.<\/p>\n\n\n\n<p>Trece de las fichas ya presentan la leyenda de \u201clocalizada\u201d, mientras que 17 m\u00e1s se mantienen activas para dar con el paradero de seis mujeres y 11 varones que permanecen en calidad de no localizados y que fueron vistos por \u00faltima vez en los primeros d\u00edas de este mes de enero en diferentes municipios.<\/p>\n\n\n\n<p>Se trata de las menores Beatriz Adriana, Mar\u00eda Fernanda, Dayami y Dalia Citlalli, quienes fueron vistas por \u00faltima vez en Valle Nacional, Santa Mar\u00eda El Tule, Loma Bonita y&nbsp;San Andr\u00e9s Nuxi\u00f1o, respectivamente.<\/p>\n\n\n\n<p>As\u00ed como Adaiz Geraldine Jos\u00e9 Le\u00f3n de 20 a\u00f1os de edad y Lidia Mart\u00ednez Santiago, de 24 a\u00f1os, quienes desaparecieron en los municipios de Oaxaca de Ju\u00e1rez y Asunci\u00f3n Nochixtl\u00e1n, durante los primeros d\u00eda de este mes.<\/p>\n\n\n\n<p>Antonio Mart\u00ednez Rodr\u00edguez, Juan Alberto Cruz Mart\u00ednez, On\u00e9simo Cruz Mart\u00ednez, Crisanto Margarito Cruz Ch\u00e1vez y Luis Daniel Padilla de la Cruz, fueron vistos por ultima vez en Oaxaca de Ju\u00e1rez, San Francisco Telixtlahuaca, San Bartolo Coyotepec, Santa Mar\u00eda Atzompa y San Juan Bautista Tuxtepec, respectivamente.<br \/><\/p>\n\n\n\n<p>Mientras que Vicente Casiano Bola\u00f1os, Alberto Ulices Crist\u00f3bal Rojas, Rosal\u00edo Celis Avenda\u00f1o, Omar Antonio Luis y Javier Reyes Vera desaparecieron en San Pedro Ixcatl\u00e1n, Mat\u00edas Romero, Huajuapan de Le\u00f3n, Villa de Mitla y Loma Bonita, respectivamente.<\/p>\n\n\n\n<p>El \u00fanico var\u00f3n menor de edad reportado como desaparecido es Rolando de Jes\u00fas, quien fue visto por \u00faltima vez el 8 de enero en el municipio de Pinotepa Nacional.<\/p>\n\n\n\n<p>Aunque los lugares en que fueron vistas por \u00faltima vez las 17 personas antes citadas son muy variados, las regiones con mayores casos reportados son Valles Centrales y Cuenca que registran el mayor n\u00famero, seguida de la Mixteca, Istmo y Costa.<br \/><br class=\"Apple-interchange-newline\" \/><\/p>\n","protected":false},"excerpt":{"rendered":"<p>Evlin Arag\u00f3n\/Zona Roja. Oaxaca de Ju\u00e1rez, Oax., 18 de enero de 2020.- Alrededor de&nbsp;30 personas&hellip;<\/p>\n","protected":false},"author":2,"featured_media":7810,"comment_status":"closed","ping_status":"open","sticky":false,"template":"","format":"standard","meta":{"_lmt_disableupdate":"","_lmt_disable":"","_jetpack_memberships_contains_paid_content":false,"footnotes":""},"categories":[109,47],"tags":[1295],"class_list":["post-7811","post","type-post","status-publish","format-standard","has-post-thumbnail","hentry","category-minuto-a-minuto","category-zona-gris","tag-unidad-de-busqueda-de-personas-desaparecidas-y-no-localizadas"],"jetpack_featured_media_url":"https:\/\/zonaroja.com.mx\/wp-content\/uploads\/2020\/01\/img_9903.jpg","jetpack_sharing_enabled":true,"_links":{"self":[{"href":"https:\/\/zonaroja.com.mx\/index.php?rest_route=\/wp\/v2\/posts\/7811","targetHints":{"allow":["GET"]}}],"collection":[{"href":"https:\/\/zonaroja.com.mx\/index.php?rest_route=\/wp\/v2\/posts"}],"about":[{"href":"https:\/\/zonaroja.com.mx\/index.php?rest_route=\/wp\/v2\/types\/post"}],"author":[{"embeddable":true,"href":"https:\/\/zonaroja.com.mx\/index.php?rest_route=\/wp\/v2\/users\/2"}],"replies":[{"embeddable":true,"href":"https:\/\/zonaroja.com.mx\/index.php?rest_route=%2Fwp%2Fv2%2Fcomments&post=7811"}],"version-history":[{"count":1,"href":"https:\/\/zonaroja.com.mx\/index.php?rest_route=\/wp\/v2\/posts\/7811\/revisions"}],"predecessor-version":[{"id":7812,"href":"https:\/\/zonaroja.com.mx\/index.php?rest_route=\/wp\/v2\/posts\/7811\/revisions\/7812"}],"wp:featuredmedia":[{"embeddable":true,"href":"https:\/\/zonaroja.com.mx\/index.php?rest_route=\/wp\/v2\/media\/7810"}],"wp:attachment":[{"href":"https:\/\/zonaroja.com.mx\/index.php?rest_route=%2Fwp%2Fv2%2Fmedia&parent=7811"}],"wp:term":[{"taxonomy":"category","embeddable":true,"href":"https:\/\/zonaroja.com.mx\/index.php?rest_route=%2Fwp%2Fv2%2Fcategories&post=7811"},{"taxonomy":"post_tag","embeddable":true,"href":"https:\/\/zonaroja.com.mx\/index.php?rest_route=%2Fwp%2Fv2%2Ftags&post=7811"}],"curies":[{"name":"wp","href":"https:\/\/api.w.org\/{rel}","templated":true}]}}