{"id":78111,"date":"2025-03-04T20:33:09","date_gmt":"2025-03-05T02:33:09","guid":{"rendered":"https:\/\/zonaroja.com.mx\/?p=78111"},"modified":"2025-03-04T20:33:11","modified_gmt":"2025-03-05T02:33:11","slug":"se-uniran-colectivos-del-pais-para-sumarse-a-busqueda-de-sandra-dominguez","status":"publish","type":"post","link":"https:\/\/zonaroja.com.mx\/?p=78111","title":{"rendered":"Se unir\u00e1n colectivos del pa\u00eds para sumarse a b\u00fasqueda de Sandra Dom\u00ednguez"},"content":{"rendered":"\n<p>Raymundo Morales\/Zona Roja.<\/p>\n\n\n\n<p>Oaxaca de Ju\u00e1rez, Oax., a 4 de marzo de 2025.- \u201cHoy, como todos los d\u00edas, te busco. Cada minuto sin saber de ti es un dolor inmenso que me consume. La incertidumbre me arrastra, pero mi amor por ti es m\u00e1s fuerte que todo eso. Nadie deber\u00eda pasar por lo que estoy viviendo, ninguna madre deber\u00eda tener que sufrir la desaparici\u00f3n de su hija. Ning\u00fan hijo deber\u00eda faltarle a su madre\u201d.<\/p>\n\n\n\n<p>Son parte de las palabras de la se\u00f1ora Aracely Mart\u00ednez, al cumplirse hoy cinco meses de la desaparici\u00f3n de su hija Sandra Dom\u00ednguez, junto con su pareja Alexander Hern\u00e1ndez.<\/p>\n\n\n\n<p>Por ello, familiares de la joven abogada, colectivos y organismos de la sociedad civil, efectuaron una marcha de la fuente de las Ocho Regiones al z\u00f3calo de la ciudad de Oaxaca.<\/p>\n\n\n\n<p>\u201cLa lucha por ti no se detiene, hija. No me rendir\u00e9 hasta que la verdad salga a la luz, hasta que los responsables paguen por este crimen. No voy a dejar de gritar tu nombre, no voy a callar, porque t\u00fa eres m\u00e1s que un n\u00famero, m\u00e1s que una noticia. Eres mi hija, y mi vida no tiene sentido sin ti\u201d, ley\u00f3 la madre de familia, en el acceso principal al Palacio de Gobierno.<\/p>\n\n\n\n<p>\u201cNadie, nunca, deber\u00eda atravesar este sufrimiento. Por ti, por todas las hijas y madres que viven esta pesadilla, seguir\u00e9 luchando. Te buscar\u00e9 hasta el \u00faltimo de mis d\u00edas. Mi amor por ti es eterno. Y mi lucha tambi\u00e9n\u201d, remarc\u00f3, acompa\u00f1ada de sus dem\u00e1s hijas.<\/p>\n\n\n\n<p>En tanto, la asociaci\u00f3n civil Consorcio Oaxaca ley\u00f3 un pronunciamiento y anunci\u00f3 que sumar\u00e1n esfuerzos con colectivos del pa\u00eds para la b\u00fasqueda de Sandra Dom\u00ednguez.<\/p>\n\n\n\n<p>\u201cLe decimos al gobierno de Oaxaca, a sus funcionarios corruptos y mis\u00f3ginos que nos quedaremos en silencio, que no vamos&nbsp;&nbsp;a bajar la cabeza, que&nbsp;&nbsp;jam\u00e1s aceptaremos su violencia como algo normal o justificada como ha sido su permanente narrativa que le llevo a minimizar y desestimar la gravedad de la desaparici\u00f3n de Sandra\u201d, expusieron en un pronunciamiento.<\/p>\n\n\n\n<p>\u201cDe ah\u00ed que hemos tomada la decisi\u00f3n de conformar nuestro comit\u00e9 de familiares y amistades de Sandra Dominguez&nbsp;&nbsp;El Komite P\u00ebjy Tyotk,&nbsp;&nbsp;cuyo objetivo es generar mejores condiciones para la b\u00fasqueda, vinculaci\u00f3n y alianzas con otros referentes a nivel nacional e internacional&nbsp;que tambi\u00e9n est\u00e1n en b\u00fasqueda.&nbsp;<\/p>\n\n\n\n<p>\u201cVamos a seguir el camino de la Madres de Mayo, de Do\u00f1a Rosario Ibarra de Piedra, de los padres y madres de los 43 normalistas de Ayotzinapa,&nbsp;&nbsp;del movimiento por nuestros desaparecidos, por decir algunos\u201d, destac\u00f3.&nbsp;<\/p>\n","protected":false},"excerpt":{"rendered":"<p>Raymundo Morales\/Zona Roja. Oaxaca de Ju\u00e1rez, Oax., a 4 de marzo de 2025.- \u201cHoy, como&hellip;<\/p>\n","protected":false},"author":2,"featured_media":78112,"comment_status":"closed","ping_status":"open","sticky":false,"template":"","format":"standard","meta":{"_lmt_disableupdate":"","_lmt_disable":"","_jetpack_memberships_contains_paid_content":false,"footnotes":""},"categories":[109,47],"tags":[4086],"class_list":["post-78111","post","type-post","status-publish","format-standard","has-post-thumbnail","hentry","category-minuto-a-minuto","category-zona-gris","tag-sandra-dominguez"],"jetpack_featured_media_url":"https:\/\/zonaroja.com.mx\/wp-content\/uploads\/2025\/03\/Aracely-Dominguez-madre-de-Sandra-Dominguez.jpeg","jetpack_sharing_enabled":true,"_links":{"self":[{"href":"https:\/\/zonaroja.com.mx\/index.php?rest_route=\/wp\/v2\/posts\/78111","targetHints":{"allow":["GET"]}}],"collection":[{"href":"https:\/\/zonaroja.com.mx\/index.php?rest_route=\/wp\/v2\/posts"}],"about":[{"href":"https:\/\/zonaroja.com.mx\/index.php?rest_route=\/wp\/v2\/types\/post"}],"author":[{"embeddable":true,"href":"https:\/\/zonaroja.com.mx\/index.php?rest_route=\/wp\/v2\/users\/2"}],"replies":[{"embeddable":true,"href":"https:\/\/zonaroja.com.mx\/index.php?rest_route=%2Fwp%2Fv2%2Fcomments&post=78111"}],"version-history":[{"count":1,"href":"https:\/\/zonaroja.com.mx\/index.php?rest_route=\/wp\/v2\/posts\/78111\/revisions"}],"predecessor-version":[{"id":78113,"href":"https:\/\/zonaroja.com.mx\/index.php?rest_route=\/wp\/v2\/posts\/78111\/revisions\/78113"}],"wp:featuredmedia":[{"embeddable":true,"href":"https:\/\/zonaroja.com.mx\/index.php?rest_route=\/wp\/v2\/media\/78112"}],"wp:attachment":[{"href":"https:\/\/zonaroja.com.mx\/index.php?rest_route=%2Fwp%2Fv2%2Fmedia&parent=78111"}],"wp:term":[{"taxonomy":"category","embeddable":true,"href":"https:\/\/zonaroja.com.mx\/index.php?rest_route=%2Fwp%2Fv2%2Fcategories&post=78111"},{"taxonomy":"post_tag","embeddable":true,"href":"https:\/\/zonaroja.com.mx\/index.php?rest_route=%2Fwp%2Fv2%2Ftags&post=78111"}],"curies":[{"name":"wp","href":"https:\/\/api.w.org\/{rel}","templated":true}]}}