{"id":78114,"date":"2025-03-04T21:48:30","date_gmt":"2025-03-05T03:48:30","guid":{"rendered":"https:\/\/zonaroja.com.mx\/?p=78114"},"modified":"2025-03-04T21:48:32","modified_gmt":"2025-03-05T03:48:32","slug":"abrogacion-de-ley-del-issste-2007-o-habra-paro-nacional-cnte","status":"publish","type":"post","link":"https:\/\/zonaroja.com.mx\/?p=78114","title":{"rendered":"Abrogaci\u00f3n de Ley del ISSSTE 2007 o habr\u00e1 paro nacional: CNTE"},"content":{"rendered":"\n<p>Redacci\u00f3n\/Zona Roja Cdmx.<\/p>\n\n\n\n<p>Ciudad de M\u00e9xico, a 4 de marzo de 2025.- Dirigentes de la Coordinadora Nacional de Trabajadores de la Educaci\u00f3n (CNTE) reiteraron su demanda de abrogaci\u00f3n de la Ley del Issste de 2007 y de la llamada Ley Usicamm y afirmaron que de no haber una respuesta del gobierno federal a sus demandas, \u00ablo que sigue despu\u00e9s del paro de 72 horas, que se realizar\u00e1 este 19, 20 y 21 de marzo, es el paro nacional\u00bb.<\/p>\n\n\n\n<p>En videoconferencia, los secretarios generales de las secciones 9 de Ciudad de M\u00e9xico, Pedro Hern\u00e1ndez, de la 22 de Oaxaca, Yenny Aracely P\u00e9rez; de la secci\u00f3n 14 de Guerrero, Elvira Veleces; de la secci\u00f3n 7 de Chiapas; Isael Gonz\u00e1lez; y de la secci\u00f3n 18 de Michoac\u00e1n, Eva Hinojosa, llamaron a todos los trabajadores del Estado, a sumarse a las acciones de protesta en la defensa de sus derechos laborales.&nbsp;<\/p>\n\n\n\n<p>Hern\u00e1ndez Morales, secretario general de la secci\u00f3n 9, destac\u00f3 que la iniciativa de reforma a la Ley del Issste enviada por el Poder Ejecutivo el pasado 7 de febrero a la C\u00e1mara de Diputados, \u00abno sienta las bases para emprender la transformaci\u00f3n estructural del Issste, y de ser aprobada, se impondr\u00e1 una contrarreforma que atenta contra los trabajadores\u00bb, adem\u00e1s de que no contempla una exigencia central: regresar a la jubilaci\u00f3n por a\u00f1os de servicio. Al menos 28 a\u00f1os para maestras, y 30 a\u00f1os para maestros.<\/p>\n\n\n\n<p>Indic\u00f3 que &nbsp;el objetivo central de la iniciativa &nbsp;es \u00abimponer un incremento de 2.7 por ciento a las aportaciones de los trabajadores del Estado, y si bien en un primer momento afecta a quienes reciben salarios por arriba de 10 Unidades de Medida y Actualizaci\u00f3n (UMAs), &nbsp;compromete a todos los trabajadores, adem\u00e1s de que se afianza la aplicaci\u00f3n de las UMAs para el pago de pensiones y jubilaciones\u00bb.&nbsp;<\/p>\n\n\n\n<p>Asegur\u00f3 que \u00abno es suficiente que se diga se va a pausar esa iniciativa, ya tenemos experiencia con albazos que se han dado en periodos vacacionales del magisterio, adem\u00e1s de que la propuesta tampoco garantiza que ese incremento se traduzca en una verdadera mejora de los servicios de salud y en la transformaci\u00f3n del Issste, que demanda recursos, que no pueden salir del bolsillo de los trabajadores\u00bb.&nbsp;<\/p>\n\n\n\n<p>Al respecto, el profesor Isael Gonz\u00e1lez, l\u00edder del magisterio chiapaneco, enfatiz\u00f3 que los maestros agrupados en la CNTE \u00abno vamos a hacer que el gobierno federal nos diga que no hay recursos (para atender al Issste) y que nos regrese la interrogante sobre d\u00f3nde van a encontrar esos fondos\u00bb.&nbsp;<\/p>\n\n\n\n<p>Agreg\u00f3 que \u00abquienes administran los recursos econ\u00f3micos del pa\u00eds no somos los trabajadores, es el gobierno federal. Son &nbsp;los responsables de la distribuci\u00f3n para todos los temas del pa\u00eds, y precisamente la pol\u00edtica del ex presidente (Felipe) Calder\u00f3n fue que cada trabajador ahorrara para su retiro, y por eso la cuenta individual, y no es as\u00ed. Los trabajadores somos trabajadores de la educaci\u00f3n p\u00fablica, no es una escuela particular, no es una plaza particular, el argumento de que no hay dinero no lo aceptamos. Deben administrar bien, porque si hay programas asistenciales, si hay programas con apoyo econ\u00f3mico para varios sectores, no se puede sacrificar la educaci\u00f3n p\u00fablica\u00bb.&nbsp;<\/p>\n\n\n\n<p>Los educadores reiteraron su plan de acci\u00f3n para los pr\u00f3ximos d\u00edas y semanas, lo que incluye una convocatoria a todos los servidores p\u00fablicos para acudir a un foro que se realizar\u00e1 este 13 de marzo en la sede nacional de la CNTE en la Ciudad de M\u00e9xico.<\/p>\n\n\n\n<p>Destacaron que la lucha por la abrogaci\u00f3n de la Ley del Issste de 2007, debe ser una \u00abacci\u00f3n unitaria, porque nos afecta a todos, y porque lo que buscamos es una restructuraci\u00f3n de fondo del Issste, lo que incluye volver a las pensiones solidarias y no en cuentas individualizadas, as\u00ed como el pago de las pensiones en pesos y no en UMAs\u00bb.<\/p>\n\n\n\n<p>(Informaci\u00f3n de \u201cLa Jornada\u201d)<\/p>\n","protected":false},"excerpt":{"rendered":"<p>Redacci\u00f3n\/Zona Roja Cdmx. Ciudad de M\u00e9xico, a 4 de marzo de 2025.- Dirigentes de la&hellip;<\/p>\n","protected":false},"author":2,"featured_media":68206,"comment_status":"closed","ping_status":"open","sticky":false,"template":"","format":"standard","meta":{"_lmt_disableupdate":"","_lmt_disable":"","_jetpack_memberships_contains_paid_content":false,"footnotes":""},"categories":[109,47],"tags":[1283],"class_list":["post-78114","post","type-post","status-publish","format-standard","has-post-thumbnail","hentry","category-minuto-a-minuto","category-zona-gris","tag-coordinadora-nacional-de-trabajadores-de-la-educacion-cnte"],"jetpack_featured_media_url":"https:\/\/zonaroja.com.mx\/wp-content\/uploads\/2024\/05\/CNTE-Coordinadora-Educacion.jpg","jetpack_sharing_enabled":true,"_links":{"self":[{"href":"https:\/\/zonaroja.com.mx\/index.php?rest_route=\/wp\/v2\/posts\/78114","targetHints":{"allow":["GET"]}}],"collection":[{"href":"https:\/\/zonaroja.com.mx\/index.php?rest_route=\/wp\/v2\/posts"}],"about":[{"href":"https:\/\/zonaroja.com.mx\/index.php?rest_route=\/wp\/v2\/types\/post"}],"author":[{"embeddable":true,"href":"https:\/\/zonaroja.com.mx\/index.php?rest_route=\/wp\/v2\/users\/2"}],"replies":[{"embeddable":true,"href":"https:\/\/zonaroja.com.mx\/index.php?rest_route=%2Fwp%2Fv2%2Fcomments&post=78114"}],"version-history":[{"count":1,"href":"https:\/\/zonaroja.com.mx\/index.php?rest_route=\/wp\/v2\/posts\/78114\/revisions"}],"predecessor-version":[{"id":78115,"href":"https:\/\/zonaroja.com.mx\/index.php?rest_route=\/wp\/v2\/posts\/78114\/revisions\/78115"}],"wp:featuredmedia":[{"embeddable":true,"href":"https:\/\/zonaroja.com.mx\/index.php?rest_route=\/wp\/v2\/media\/68206"}],"wp:attachment":[{"href":"https:\/\/zonaroja.com.mx\/index.php?rest_route=%2Fwp%2Fv2%2Fmedia&parent=78114"}],"wp:term":[{"taxonomy":"category","embeddable":true,"href":"https:\/\/zonaroja.com.mx\/index.php?rest_route=%2Fwp%2Fv2%2Fcategories&post=78114"},{"taxonomy":"post_tag","embeddable":true,"href":"https:\/\/zonaroja.com.mx\/index.php?rest_route=%2Fwp%2Fv2%2Ftags&post=78114"}],"curies":[{"name":"wp","href":"https:\/\/api.w.org\/{rel}","templated":true}]}}