{"id":78116,"date":"2025-03-05T07:02:23","date_gmt":"2025-03-05T13:02:23","guid":{"rendered":"https:\/\/zonaroja.com.mx\/?p=78116"},"modified":"2025-03-05T07:02:24","modified_gmt":"2025-03-05T13:02:24","slug":"respalda-mandatario-estatal-trabajo-de-presidenta-de-xoxocotlan","status":"publish","type":"post","link":"https:\/\/zonaroja.com.mx\/?p=78116","title":{"rendered":"Respalda mandatario estatal trabajo de presidenta de Xoxocotl\u00e1n"},"content":{"rendered":"\n<p>Redacci\u00f3n\/Zona Roja.<\/p>\n\n\n\n<p>Oaxaca de Ju\u00e1rez, Oax., 5 de marzo de 2025.- Salom\u00f3n Jara Cruz, Gobernador del Estado de Oaxaca, respald\u00f3 el trabajo realizado por la presidenta municipal de Santa Cruz Xoxocotl\u00e1n, Nancy Ben\u00edtez Z\u00e1rate, durante sus dos primeros meses al frente de la administraci\u00f3n.<\/p>\n\n\n\n<p>\u00abNancy es una servidora p\u00fablica dedicada, que ha trabajado intensamente por su municipio\u201d, enfatiz\u00f3 el mandatario estatal.<\/p>\n\n\n\n<p>En su conferencia matutina efectuada ayer en dicho municipio de la zona metropolitana de Oaxaca, el gobernador reconoci\u00f3 el liderazgo y compromiso de la presidenta municipal, destacando su entrega y esfuerzo en la soluci\u00f3n de problem\u00e1ticas prioritarias para Santa Cruz Xoxocotl\u00e1n.&nbsp;<\/p>\n\n\n\n<p>\u00abDesde el Gobierno del Estado seguiremos apoyando sus iniciativas y fortaleciendo la colaboraci\u00f3n en proyectos que beneficien a la poblaci\u00f3n\u00bb, afirm\u00f3 el mandatario estatal.<\/p>\n\n\n\n<p>La edil de Xoxocotl\u00e1n destac\u00f3 los avances logrados gracias a la coordinaci\u00f3n con el Gobierno del Estado de Oaxaca en la mejora de infraestructura, seguridad y servicios p\u00fablicos, beneficiando a miles de habitantes del municipio.<\/p>\n\n\n\n<p>Durante su intervenci\u00f3n, Nancy Ben\u00edtez resalt\u00f3 el esfuerzo realizado para atender la problem\u00e1tica de los residuos s\u00f3lidos, una situaci\u00f3n que enfrentaron desde el inicio de su administraci\u00f3n al recibir cerca de tres mil toneladas de basura acumuladas.&nbsp;<\/p>\n\n\n\n<p>Gracias al apoyo del gobierno estatal, se han llevado a cabo estrategias conjuntas para la recolecci\u00f3n y traslado de desechos, adem\u00e1s de la planificaci\u00f3n de nuevas acciones para el manejo responsable de los residuos.&nbsp;<\/p>\n\n\n\n<p>En materia de seguridad, la presidenta inform\u00f3 sobre la entrega de seis nuevas patrullas, cinco moto patrullas, una ambulancia y una retroexcavadora, lo que fortalece la capacidad operativa del municipio.&nbsp;<\/p>\n\n\n\n<p>Tambi\u00e9n subray\u00f3 el programa de bacheo, desarrollado en conjunto con el Gobierno Estatal, el cual ha sido bien recibido por la ciudadan\u00eda al mejorar la movilidad en vialidades clave.<\/p>\n\n\n\n<p>Entre las obras impulsadas en conjunto, tambi\u00e9n se encuentra la rehabilitaci\u00f3n de la carretera de crucero a Arrazola, que cuenta con un avance del 90 por ciento, lo que mejorar\u00e1 la conectividad y calidad de vida de las y los habitantes.&nbsp;<\/p>\n\n\n\n<p>Por otro lado, la presidenta municipal aprovech\u00f3 el espacio para invitar a la ciudadan\u00eda a participar en las festividades de los Martes de Brujas, que se llevar\u00e1n a cabo del 11 de marzo al 15 de abril. Este tradicional evento, que resalta la cultura y gastronom\u00eda local, contar\u00e1 con una amplia cartelera art\u00edstica y la participaci\u00f3n de talentosos artistas oaxaque\u00f1os.&nbsp;<\/p>\n\n\n\n<p>\u00abEste a\u00f1o tuvimos una participaci\u00f3n hist\u00f3rica en la selecci\u00f3n de la obra que representar\u00e1 nuestras fiestas. Agradecemos a todas y todos los ciudadanos por su entusiasmo y compromiso con nuestras tradiciones\u00bb, enfatiz\u00f3 Ben\u00edtez Z\u00e1rate.<\/p>\n\n\n\n<p>Con estas acciones, Santa Cruz Xoxocotl\u00e1n reafirma su compromiso con el desarrollo y bienestar de su poblaci\u00f3n, consolidando una estrecha colaboraci\u00f3n con el Gobierno del Estado para generar cambios positivos en la comunidad.&nbsp;<\/p>\n","protected":false},"excerpt":{"rendered":"<p>Redacci\u00f3n\/Zona Roja. Oaxaca de Ju\u00e1rez, Oax., 5 de marzo de 2025.- Salom\u00f3n Jara Cruz, Gobernador&hellip;<\/p>\n","protected":false},"author":2,"featured_media":78117,"comment_status":"closed","ping_status":"open","sticky":false,"template":"","format":"standard","meta":{"_lmt_disableupdate":"","_lmt_disable":"","_jetpack_memberships_contains_paid_content":false,"footnotes":""},"categories":[109,46],"tags":[133],"class_list":["post-78116","post","type-post","status-publish","format-standard","has-post-thumbnail","hentry","category-minuto-a-minuto","category-zona-blanca","tag-santa-cruz-xoxocotlan"],"jetpack_featured_media_url":"https:\/\/zonaroja.com.mx\/wp-content\/uploads\/2025\/03\/Conferencia-de-prensa-Xoxocotlan-1.jpeg","jetpack_sharing_enabled":true,"_links":{"self":[{"href":"https:\/\/zonaroja.com.mx\/index.php?rest_route=\/wp\/v2\/posts\/78116","targetHints":{"allow":["GET"]}}],"collection":[{"href":"https:\/\/zonaroja.com.mx\/index.php?rest_route=\/wp\/v2\/posts"}],"about":[{"href":"https:\/\/zonaroja.com.mx\/index.php?rest_route=\/wp\/v2\/types\/post"}],"author":[{"embeddable":true,"href":"https:\/\/zonaroja.com.mx\/index.php?rest_route=\/wp\/v2\/users\/2"}],"replies":[{"embeddable":true,"href":"https:\/\/zonaroja.com.mx\/index.php?rest_route=%2Fwp%2Fv2%2Fcomments&post=78116"}],"version-history":[{"count":1,"href":"https:\/\/zonaroja.com.mx\/index.php?rest_route=\/wp\/v2\/posts\/78116\/revisions"}],"predecessor-version":[{"id":78118,"href":"https:\/\/zonaroja.com.mx\/index.php?rest_route=\/wp\/v2\/posts\/78116\/revisions\/78118"}],"wp:featuredmedia":[{"embeddable":true,"href":"https:\/\/zonaroja.com.mx\/index.php?rest_route=\/wp\/v2\/media\/78117"}],"wp:attachment":[{"href":"https:\/\/zonaroja.com.mx\/index.php?rest_route=%2Fwp%2Fv2%2Fmedia&parent=78116"}],"wp:term":[{"taxonomy":"category","embeddable":true,"href":"https:\/\/zonaroja.com.mx\/index.php?rest_route=%2Fwp%2Fv2%2Fcategories&post=78116"},{"taxonomy":"post_tag","embeddable":true,"href":"https:\/\/zonaroja.com.mx\/index.php?rest_route=%2Fwp%2Fv2%2Ftags&post=78116"}],"curies":[{"name":"wp","href":"https:\/\/api.w.org\/{rel}","templated":true}]}}