{"id":78121,"date":"2025-03-05T08:30:00","date_gmt":"2025-03-05T14:30:00","guid":{"rendered":"https:\/\/zonaroja.com.mx\/?p=78121"},"modified":"2025-03-05T07:27:39","modified_gmt":"2025-03-05T13:27:39","slug":"con-liderazgo-sheinbaum-superara-desafios-jara-cruz","status":"publish","type":"post","link":"https:\/\/zonaroja.com.mx\/?p=78121","title":{"rendered":"Con liderazgo, Sheinbaum superar\u00e1 desaf\u00edos: Jara Cruz"},"content":{"rendered":"\n<p>Redacci\u00f3n\/Zona Roja.&nbsp;<\/p>\n\n\n\n<p>Oaxaca de Ju\u00e1rez, Oax., a 5 de marzo de 2025.- El gobernador Salom\u00f3n Jara Cruz ratific\u00f3 su respaldo a la Presidenta Claudia Sheinbaum Pardo, para enfrentar los desaf\u00edos, de manera conjunta, ante la entrada en vigor de los aranceles del 25 por ciento a las exportaciones mexicanas, impuestos por Estados Unidos.<\/p>\n\n\n\n<p>De manera contundente refiri\u00f3 que el liderazgo y valent\u00eda de mujeres y hombres como el de la Jefa del Estado Mexicano, han sido cruciales para atender estas situaciones; aunado a las medidas anunciadas para este caso en particular, como: fortalecer el mercado interno, aumentar el salario m\u00ednimo y programas sociales.<\/p>\n\n\n\n<p>\u201cDesde Oaxaca nos sumamos al llamado a la unidad convocado por la Presidenta Claudia Sheinbaum en este momento pol\u00edtico tan importante, y reconocemos que se ha hecho todo lo posible para asegurar la soberan\u00eda y el inter\u00e9s nacional\u201d, afirm\u00f3.<\/p>\n\n\n\n<p>Jara Cruz calific\u00f3 la imposici\u00f3n de aranceles como irracional, toda vez que elevar\u00e1 el costo de los productos y afectar\u00e1 de manera significativa la cadena de suministros no solo para M\u00e9xico, sino para Estados Unidos.<\/p>\n\n\n\n<p>Asever\u00f3 que esta acci\u00f3n no ayuda a solucionar los problemas que se usan como pretexto para justificar esta decisi\u00f3n. \u201cEl tr\u00e1fico de drogas y la movilidad humana son fen\u00f3menos que solo pueden atenderse con inteligencia y cooperaci\u00f3n\u201d, agreg\u00f3.<\/p>\n\n\n\n<p>El mandatario estatal enfatiz\u00f3 que el gobierno estadounidense no ha hecho nada para combatir el consumo de estas sustancias y tampoco comprende el valor y aportaci\u00f3n de las y los mexicanos migrantes.<\/p>\n\n\n\n<p>\u201cRechazamos el ofensivo y difamatorio comunicado emitido este lunes por la Casa Blanca contra el Gobierno de M\u00e9xico; el 80 por ciento de las personas detenidas por tr\u00e1fico de fentanilo son estadounidenses, por eso digo que es mentira y calumnia\u201d, puntualiz\u00f3.<\/p>\n\n\n\n<p>Finalmente, el Gobernador oaxaque\u00f1o expres\u00f3 que a lo largo de la historia de la naci\u00f3n se han vivido momentos muy dif\u00edciles, por diversas amenazas de potencias extranjeras, que M\u00e9xico ha resistido con dignidad.<\/p>\n\n\n\n<figure class=\"wp-block-embed is-type-rich is-provider-twitter wp-block-embed-twitter\"><div class=\"wp-block-embed__wrapper\">\n<div class=\"twitter-tweet\"><blockquote class=\"twitter-tweet\" data-lang=\"es\"><p lang=\"es\" dir=\"ltr\">El gobernador de Oaxaca, <a href=\"https:\/\/twitter.com\/salomonj?ref_src=twsrc%5Etfw\">@salomonj<\/a>, expres\u00f3 su respaldo a la Presidenta de M\u00e9xico, <a href=\"https:\/\/twitter.com\/Claudiashein?ref_src=twsrc%5Etfw\">@Claudiashein<\/a>, ante los embates del mandatario norteamericano Donald Trump, al ordenar la aplicaci\u00f3n de aranceles a nuestro pa\u00eds a partir de este d\u00eda. <br>Escuche su posicionamiento: <a href=\"https:\/\/t.co\/QBoyQI05Ds\">pic.twitter.com\/QBoyQI05Ds<\/a><\/p>&mdash; Zona Roja Oaxaca (@ZonaRoja_Oaxaca) <a href=\"https:\/\/twitter.com\/ZonaRoja_Oaxaca\/status\/1897071662207787379?ref_src=twsrc%5Etfw\">4 de marzo de 2025<\/a><\/blockquote><\/div>\n<\/div><\/figure>\n","protected":false},"excerpt":{"rendered":"<p>Redacci\u00f3n\/Zona Roja.&nbsp; Oaxaca de Ju\u00e1rez, Oax., a 5 de marzo de 2025.- El gobernador Salom\u00f3n&hellip;<\/p>\n","protected":false},"author":2,"featured_media":78122,"comment_status":"closed","ping_status":"open","sticky":false,"template":"","format":"standard","meta":{"_lmt_disableupdate":"","_lmt_disable":"","_jetpack_memberships_contains_paid_content":false,"footnotes":""},"categories":[109,46],"tags":[939],"class_list":["post-78121","post","type-post","status-publish","format-standard","has-post-thumbnail","hentry","category-minuto-a-minuto","category-zona-blanca","tag-salomon-jara-cruz"],"jetpack_featured_media_url":"https:\/\/zonaroja.com.mx\/wp-content\/uploads\/2025\/03\/GOBERNADOR-RESPALDO-A-LA-PRESIDENTA-CLAUDIA-SHEINBAUM.jpeg","jetpack_sharing_enabled":true,"_links":{"self":[{"href":"https:\/\/zonaroja.com.mx\/index.php?rest_route=\/wp\/v2\/posts\/78121","targetHints":{"allow":["GET"]}}],"collection":[{"href":"https:\/\/zonaroja.com.mx\/index.php?rest_route=\/wp\/v2\/posts"}],"about":[{"href":"https:\/\/zonaroja.com.mx\/index.php?rest_route=\/wp\/v2\/types\/post"}],"author":[{"embeddable":true,"href":"https:\/\/zonaroja.com.mx\/index.php?rest_route=\/wp\/v2\/users\/2"}],"replies":[{"embeddable":true,"href":"https:\/\/zonaroja.com.mx\/index.php?rest_route=%2Fwp%2Fv2%2Fcomments&post=78121"}],"version-history":[{"count":1,"href":"https:\/\/zonaroja.com.mx\/index.php?rest_route=\/wp\/v2\/posts\/78121\/revisions"}],"predecessor-version":[{"id":78123,"href":"https:\/\/zonaroja.com.mx\/index.php?rest_route=\/wp\/v2\/posts\/78121\/revisions\/78123"}],"wp:featuredmedia":[{"embeddable":true,"href":"https:\/\/zonaroja.com.mx\/index.php?rest_route=\/wp\/v2\/media\/78122"}],"wp:attachment":[{"href":"https:\/\/zonaroja.com.mx\/index.php?rest_route=%2Fwp%2Fv2%2Fmedia&parent=78121"}],"wp:term":[{"taxonomy":"category","embeddable":true,"href":"https:\/\/zonaroja.com.mx\/index.php?rest_route=%2Fwp%2Fv2%2Fcategories&post=78121"},{"taxonomy":"post_tag","embeddable":true,"href":"https:\/\/zonaroja.com.mx\/index.php?rest_route=%2Fwp%2Fv2%2Ftags&post=78121"}],"curies":[{"name":"wp","href":"https:\/\/api.w.org\/{rel}","templated":true}]}}