{"id":7813,"date":"2020-01-18T20:54:18","date_gmt":"2020-01-19T02:54:18","guid":{"rendered":"http:\/\/www.zonaroja.com.mx\/?p=7813"},"modified":"2020-01-18T21:23:29","modified_gmt":"2020-01-19T03:23:29","slug":"segundo-dia-de-amlo-en-oaxaca-cinco-ejecutados-y-un-cuerpo-en-putrefaccion","status":"publish","type":"post","link":"https:\/\/zonaroja.com.mx\/?p=7813","title":{"rendered":"Segundo d\u00eda de AMLO en Oaxaca: cinco ejecutados y un cuerpo en putrefacci\u00f3n"},"content":{"rendered":"\n<p>Ismael\nGarc\u00eda M.\/Zona Roja.<\/p>\n\n\n\n<p>Oaxaca de\nJu\u00e1rez, Oax., 18 de enero de 2020.- En el segundo d\u00eda de visita del Presidente\nAndr\u00e9s Manuel L\u00f3pez Obrador a Oaxaca, suman cinco personas asesinada de manera\nviolenta y el hallazgo en la capital de un cuerpo en estado de putrefacci\u00f3n,\nadem\u00e1s de un asalto armado a una tienda en Juchit\u00e1n.<\/p>\n\n\n\n<p>Adem\u00e1s del\nasesinato en Tuxtepec de Cristian Soto Palma, funcionario de la Fiscal\u00eda\nGeneral del Estado, en la carretera de Jalapa de D\u00edaz a Huautla de Jim\u00e9nez, fue\nejecutado el chofer de una camioneta de pasaje, identificado como Jorge Julio\nRosas, de aproximadamente 34 a\u00f1os de edad.<\/p>\n\n\n\n<p>El cuerpo de\nla v\u00edctima, originaria de Santo Domingo del R\u00edo, del municipio de San Pedro\nTeutila, qued\u00f3 en el interior de una camioneta pasajera de la marca Nissan y\na\u00fan se desconocen los motivos del ataque.<\/p>\n\n\n\n<p>Mientras que\nen San Jos\u00e9 del Progreso, comunidad coste\u00f1a del municipio de Villa de\nTututepec, fueron asesinadas a balazos dos personas y heridas tres m\u00e1s.<\/p>\n\n\n\n<p>Las\nv\u00edctimas, que quedaron a la orilla de la carretera federal 200, respond\u00edan en\nvida a los nombres de Galdino H. M., de 42 a\u00f1os de edad, y su sobrino Misael H.\nE., de 23 a\u00f1os. <\/p>\n\n\n\n<p>Los lesionados fueron identificados como \u00e1ngel A. s., de 55 a\u00f1os de edad; Ana D. a., de 23 a\u00f1os, y Jos\u00e9 Guadalupe t. P., de seis a\u00f1os, quienes fueron trasladados a un hospital.<\/p>\n\n\n\n<figure class=\"wp-block-embed-twitter wp-block-embed is-type-rich is-provider-twitter\"><div class=\"wp-block-embed__wrapper\">\n<div class=\"twitter-tweet\"><blockquote class=\"twitter-tweet\" data-lang=\"es\"><p lang=\"es\" dir=\"ltr\"><a href=\"https:\/\/twitter.com\/hashtag\/OaxacaRojo?src=hash&amp;ref_src=twsrc%5Etfw\">#OaxacaRojo<\/a><br>As\u00ed fue el rescate del cuerpo de una persona, localizada este mediod\u00eda en las riveras del r\u00edo \u201cAtoyac\u201d de la capital oaxaque\u00f1a; se hallaba en estado de putrefacci\u00f3n y a\u00fan se desconoce su identidad. <a href=\"https:\/\/t.co\/CTrKhi1h06\">pic.twitter.com\/CTrKhi1h06<\/a><\/p>&mdash; Zona Roja Oaxaca (@MexRoja) <a href=\"https:\/\/twitter.com\/MexRoja\/status\/1218614091851452417?ref_src=twsrc%5Etfw\">18 de enero de 2020<\/a><\/blockquote><\/div>\n<\/div><\/figure>\n\n\n\n<p>Mientras que\nen Santa Mar\u00eda Xadani, municipio de la regi\u00f3n del Istmo, fue hallado un cuerpo\ndecapitado; la cabeza se encontraba a unos 60 metros. De manera preliminar se\ndio a conocer que la v\u00edctima respond\u00eda al nombre de Luciano P\u00e9rez, de 60 a\u00f1os\nde edad, y a\u00fan se desconocen los motivos del crimen.<\/p>\n\n\n\n<p>En tanto que\nen la capital oaxaque\u00f1a, elementos del Heroico Cuerpo de Bomberos y de la Cruz\nRoja Mexicana rescataron al mediod\u00eda de hoy el cuerpo de un individuo, en\nestado de putrefacci\u00f3n, en las riveras del r\u00edo \u201cAtoyac\u201d, a la altura del play\u00f3n\nfrente al Mercado de Abasto.<\/p>\n\n\n\n<p>Presuntamente\nse trata de un indigente, de aproximadamente 60 a\u00f1os de edad, y a\u00fan se\ndesconocen las causas de su muerte.<\/p>\n\n\n\n<p>Por \u00faltimo, esta noche sujetos armados ingresaron a una zapater\u00eda ubicada en la calle 16 de Septiembre del centro de Juchit\u00e1n de Zaragoza; tras amagar y encerrar a los empleados, se apoderaron de dinero, art\u00edculos de valor y tel\u00e9fonos celulares, tras lo cual huyeron. Minutos m\u00e1s tarde arribaron elementos de la Polic\u00eda Municipal para rescatar a los empleados; de los delincuentes a\u00fan no se tienen pistas.<\/p>\n\n\n\n<p>Cabe recordar que ayer, en el primer d\u00eda de visita del Presidente de M\u00e9xico a Oaxaca, se reportaron inicialmente cuatro personas ultimadas a balazos, entre ellas dos mujeres; sin embargo, cerca de la media noche del viernes se inform\u00f3 del asesinato de una quinta persona, en San Juan Guichicovi, regi\u00f3n del Istmo; la v\u00edctima fue identificada como Cornelio A. f.<\/p>\n","protected":false},"excerpt":{"rendered":"<p>Ismael Garc\u00eda M.\/Zona Roja. Oaxaca de Ju\u00e1rez, Oax., 18 de enero de 2020.- En el&hellip;<\/p>\n","protected":false},"author":2,"featured_media":7814,"comment_status":"closed","ping_status":"open","sticky":false,"template":"","format":"standard","meta":{"_lmt_disableupdate":"","_lmt_disable":"","_jetpack_memberships_contains_paid_content":false,"footnotes":""},"categories":[109,51],"tags":[118,1296,1203],"class_list":["post-7813","post","type-post","status-publish","format-standard","has-post-thumbnail","hentry","category-minuto-a-minuto","category-zona-roja","tag-san-juan-bautista-tuxtepec","tag-santa-maria-xadani","tag-villa-de-tututepec"],"jetpack_featured_media_url":"https:\/\/zonaroja.com.mx\/wp-content\/uploads\/2020\/01\/Cuerpo-r\u00edo-Atoyac-2.jpg","jetpack_sharing_enabled":true,"_links":{"self":[{"href":"https:\/\/zonaroja.com.mx\/index.php?rest_route=\/wp\/v2\/posts\/7813","targetHints":{"allow":["GET"]}}],"collection":[{"href":"https:\/\/zonaroja.com.mx\/index.php?rest_route=\/wp\/v2\/posts"}],"about":[{"href":"https:\/\/zonaroja.com.mx\/index.php?rest_route=\/wp\/v2\/types\/post"}],"author":[{"embeddable":true,"href":"https:\/\/zonaroja.com.mx\/index.php?rest_route=\/wp\/v2\/users\/2"}],"replies":[{"embeddable":true,"href":"https:\/\/zonaroja.com.mx\/index.php?rest_route=%2Fwp%2Fv2%2Fcomments&post=7813"}],"version-history":[{"count":2,"href":"https:\/\/zonaroja.com.mx\/index.php?rest_route=\/wp\/v2\/posts\/7813\/revisions"}],"predecessor-version":[{"id":7822,"href":"https:\/\/zonaroja.com.mx\/index.php?rest_route=\/wp\/v2\/posts\/7813\/revisions\/7822"}],"wp:featuredmedia":[{"embeddable":true,"href":"https:\/\/zonaroja.com.mx\/index.php?rest_route=\/wp\/v2\/media\/7814"}],"wp:attachment":[{"href":"https:\/\/zonaroja.com.mx\/index.php?rest_route=%2Fwp%2Fv2%2Fmedia&parent=7813"}],"wp:term":[{"taxonomy":"category","embeddable":true,"href":"https:\/\/zonaroja.com.mx\/index.php?rest_route=%2Fwp%2Fv2%2Fcategories&post=7813"},{"taxonomy":"post_tag","embeddable":true,"href":"https:\/\/zonaroja.com.mx\/index.php?rest_route=%2Fwp%2Fv2%2Ftags&post=7813"}],"curies":[{"name":"wp","href":"https:\/\/api.w.org\/{rel}","templated":true}]}}