{"id":78130,"date":"2025-03-05T11:02:00","date_gmt":"2025-03-05T17:02:00","guid":{"rendered":"https:\/\/zonaroja.com.mx\/?p=78130"},"modified":"2025-03-05T08:02:52","modified_gmt":"2025-03-05T14:02:52","slug":"opinion-reeleccion-de-legisladores-un-principio-revolucionario","status":"publish","type":"post","link":"https:\/\/zonaroja.com.mx\/?p=78130","title":{"rendered":"Opini\u00f3n. Reelecci\u00f3n de legisladores, \u00bfun principio revolucionario?\u00a0"},"content":{"rendered":"\n<p>Adri\u00e1n Ortiz Romero Cuevas*<\/p>\n\n\n\n<p>La presidenta Claudia Sheinbaum ha dicho reiteradamente que, dentro de sus pr\u00f3ximas reformas, impulsar\u00e1 una para eliminar definitivamente la reelecci\u00f3n consecutiva de diputados y senadores, entre otros cargos de elecci\u00f3n popular. El argumento esgrimido se centra en el principio maderista que dice \u201cSufragio efectivo; no reelecci\u00f3n\u201d. \u00bfEn verdad, dicho principio inclu\u00eda la elecci\u00f3n consecutiva de legisladores?&nbsp;<\/p>\n\n\n\n<p>En efecto, el art\u00edculo 59 de la Constituci\u00f3n federal en su redacci\u00f3n actual dispone: \u201cLos Senadores podr\u00e1n ser electos hasta por dos periodos consecutivos y los Diputados&nbsp;al Congreso de la Uni\u00f3n hasta por cuatro periodos consecutivos. La postulaci\u00f3n s\u00f3lo podr\u00e1 ser realizada&nbsp;por el mismo partido o por cualquiera de los partidos integrantes de la coalici\u00f3n que los hubieren&nbsp;postulado, salvo que hayan renunciado o perdido su militancia antes de la mitad de su mandato.\u201d<\/p>\n\n\n\n<p>Vale la pena mencionar que este art\u00edculo constitucional ha sufrido cuando menos dos reformas importantes, a saber: la primera en abril de 1933 y la segunda en febrero de 2014, de acuerdo con informaci\u00f3n del propio sistema de compilaci\u00f3n de leyes del Congreso federal.&nbsp;<\/p>\n\n\n\n<p>Esto significa que, previo a 1933 hab\u00eda una redacci\u00f3n original de dicho precepto, que fue la que se estableci\u00f3 en el Constituyente de 1917. \u00bfQu\u00e9 dec\u00eda? B\u00e1sicamente los requisitos de edad para ser diputado federal y senador. Pero nada&nbsp;\u2014s\u00ed, nada\u2014 respecto a la no reelecci\u00f3n en dichos cargos. Es decir, que ni el presidente Francisco Madero ni toda la cauda de revolucionarios que en la \u00e9poca temprana y madura de la Revoluci\u00f3n tuvieron en la mente que el principio de la no reelecci\u00f3n incluyera a los legisladores. Y no. No fue un error, y tampoco una omisi\u00f3n.&nbsp;<\/p>\n\n\n\n<p>B\u00e1sicamente dicho principio se refiri\u00f3 siempre a la titularidad del Poder Ejecutivo Federal. Ello fue lo que siempre le dio problemas al pa\u00eds: desde Santa Anna hasta Porfirio D\u00edaz, pasando evidentemente por el propio presidente&nbsp;Benito&nbsp;Ju\u00e1rez, a quien&nbsp;alcanz\u00f3 la muerte en una de las habitaciones de Palacio Nacional&nbsp;el 18 de julio de 1872, luego&nbsp;de 14 a\u00f1os de permanecer continuadamente en la Presidencia de la Rep\u00fablica.&nbsp;<\/p>\n\n\n\n<p>Ahora bien, \u00bfpor qu\u00e9 y qui\u00e9n reform\u00f3 el art\u00edculo 59? Fue durante el gobierno del presidente Abelardo L. Rodr\u00edguez, en pleno Maximato, cuando se reformaron ese y otros art\u00edculos, b\u00e1sicamente para continuar con el proceso de conformaci\u00f3n del r\u00e9gimen de partido hegem\u00f3nico, con el Partido Nacional Revolucionario, que luego deriv\u00f3 en el PRI.&nbsp;<\/p>\n\n\n\n<p>\u00bfPor qu\u00e9? Porque con la eliminaci\u00f3n de la reelecci\u00f3n consecutiva de diputados y senadores, el sistema pol\u00edtico&nbsp;\u2014en las manos y el control del presidente, y m\u00e1xime de un caudillo como Plutarco El\u00edas Calles que era el poder tras el trono (sin hacer equiparaci\u00f3n alguna con el presente)\u2014increment\u00f3 su potencial de fungir bajo el sistema de premios y castigo, eliminando el incentivo del refrendo de las urnas para desempe\u00f1ar una mejor funci\u00f3n legislativa. As\u00ed, a partir de entonces se era diputado o&nbsp;senador m\u00e1s por el favor, el d\u00e9bito y el premio presidencial, que por una aut\u00e9ntica representaci\u00f3n popular.&nbsp;<\/p>\n\n\n\n<p>Hoy vamos de regreso a aquel panorama del Maximato y de la construcci\u00f3n del r\u00e9gimen de partido hegem\u00f3nico que domin\u00f3 a M\u00e9xico durante casi todo lo que rest\u00f3 del siglo XX.&nbsp;Las similitudes y&nbsp;paralelismos&nbsp;de aquellos tiempos con los actuales parecen incre\u00edbles. \u00bfLe alcanzar\u00e1 el tiempo y la fuerza a Morena para la reinstauraci\u00f3n completa de un r\u00e9gimen como hace 100 a\u00f1os?&nbsp;<\/p>\n\n\n\n<p>*Abogado y periodista.<\/p>\n\n\n\n<p>@ortizromeroc<\/p>\n\n\n\n<p>@columnaalmargen<\/p>\n\n\n\n<p><blockquote class=\"wp-embedded-content\" data-secret=\"uWn7IicWeE\"><a href=\"https:\/\/columnaalmargen.mx\/\">P\u00e1gina de Inicio<\/a><\/blockquote><iframe class=\"wp-embedded-content\" sandbox=\"allow-scripts\" security=\"restricted\" style=\"position: absolute; clip: rect(1px, 1px, 1px, 1px);\" title=\"&#8220;P\u00e1gina de Inicio&#8221; &#8212; Columna Al Margen\" src=\"https:\/\/columnaalmargen.mx\/embed\/#?secret=wI8YrQXdf2#?secret=uWn7IicWeE\" data-secret=\"uWn7IicWeE\" width=\"600\" height=\"338\" frameborder=\"0\" marginwidth=\"0\" marginheight=\"0\" scrolling=\"no\"><\/iframe><\/p>\n","protected":false},"excerpt":{"rendered":"<p>Adri\u00e1n Ortiz Romero Cuevas* La presidenta Claudia Sheinbaum ha dicho reiteradamente que, dentro de sus&hellip;<\/p>\n","protected":false},"author":2,"featured_media":67896,"comment_status":"closed","ping_status":"open","sticky":false,"template":"","format":"standard","meta":{"_lmt_disableupdate":"","_lmt_disable":"","_jetpack_memberships_contains_paid_content":false,"footnotes":""},"categories":[456,109],"tags":[2994],"class_list":["post-78130","post","type-post","status-publish","format-standard","has-post-thumbnail","hentry","category-columna","category-minuto-a-minuto","tag-adrian-ortiz-romero-cuevas"],"jetpack_featured_media_url":"https:\/\/zonaroja.com.mx\/wp-content\/uploads\/2024\/05\/Opinion-Adrian-Ortiz-Romero-Zona-Roja.jpeg","jetpack_sharing_enabled":true,"_links":{"self":[{"href":"https:\/\/zonaroja.com.mx\/index.php?rest_route=\/wp\/v2\/posts\/78130","targetHints":{"allow":["GET"]}}],"collection":[{"href":"https:\/\/zonaroja.com.mx\/index.php?rest_route=\/wp\/v2\/posts"}],"about":[{"href":"https:\/\/zonaroja.com.mx\/index.php?rest_route=\/wp\/v2\/types\/post"}],"author":[{"embeddable":true,"href":"https:\/\/zonaroja.com.mx\/index.php?rest_route=\/wp\/v2\/users\/2"}],"replies":[{"embeddable":true,"href":"https:\/\/zonaroja.com.mx\/index.php?rest_route=%2Fwp%2Fv2%2Fcomments&post=78130"}],"version-history":[{"count":1,"href":"https:\/\/zonaroja.com.mx\/index.php?rest_route=\/wp\/v2\/posts\/78130\/revisions"}],"predecessor-version":[{"id":78131,"href":"https:\/\/zonaroja.com.mx\/index.php?rest_route=\/wp\/v2\/posts\/78130\/revisions\/78131"}],"wp:featuredmedia":[{"embeddable":true,"href":"https:\/\/zonaroja.com.mx\/index.php?rest_route=\/wp\/v2\/media\/67896"}],"wp:attachment":[{"href":"https:\/\/zonaroja.com.mx\/index.php?rest_route=%2Fwp%2Fv2%2Fmedia&parent=78130"}],"wp:term":[{"taxonomy":"category","embeddable":true,"href":"https:\/\/zonaroja.com.mx\/index.php?rest_route=%2Fwp%2Fv2%2Fcategories&post=78130"},{"taxonomy":"post_tag","embeddable":true,"href":"https:\/\/zonaroja.com.mx\/index.php?rest_route=%2Fwp%2Fv2%2Ftags&post=78130"}],"curies":[{"name":"wp","href":"https:\/\/api.w.org\/{rel}","templated":true}]}}