{"id":78132,"date":"2025-03-05T08:06:49","date_gmt":"2025-03-05T14:06:49","guid":{"rendered":"https:\/\/zonaroja.com.mx\/?p=78132"},"modified":"2025-03-05T08:06:51","modified_gmt":"2025-03-05T14:06:51","slug":"respalda-lider-de-la-jucopo-a-presidenta-de-mexico-ante-imposicion-de-aranceles","status":"publish","type":"post","link":"https:\/\/zonaroja.com.mx\/?p=78132","title":{"rendered":"Respalda l\u00edder de la Jucopo a Presidenta de M\u00e9xico, ante imposici\u00f3n de aranceles"},"content":{"rendered":"\n<p>Redacci\u00f3n\/Zona Roja.<\/p>\n\n\n\n<p>Oaxaca de Ju\u00e1rez, Oax., a 5 de marzo de 2025.- El presidente de la Junta de Coordinaci\u00f3n Pol\u00edtica (Jucopo) del Congreso de Oaxaca, diputado Benjam\u00edn Viveros Montalvo, extern\u00f3 su postura a favor de la Presidenta de M\u00e9xico, Claudia Sheinbaum Pardo respecto a la imposici\u00f3n del 25 por ciento de aranceles a productos mexicanos por parte del gobierno de los Estados Unidos.<\/p>\n\n\n\n<p>Al hacer uso de la tribuna durante la sesi\u00f3n ordinaria de ayer, enf\u00e1tico manifest\u00f3 que esta decisi\u00f3n es injusta, arbitraria y contraproducente \u201cno se trata solo de una afectaci\u00f3n a nuestra industria, sino de un ataque a la integraci\u00f3n econ\u00f3mica de Am\u00e9rica del Norte, un proceso que durante a\u00f1os ha beneficiado tanto a M\u00e9xico como a Estados Unidos y Canad\u00e1\u00bb.<\/p>\n\n\n\n<p>En este sentido hizo un llamado a todas las fuerzas pol\u00edticas, a los sectores productivos y a la sociedad en su conjunto para respaldar la postura del Gobierno mexicano, pues consider\u00f3 que la defensa de la econom\u00eda y soberan\u00eda no es una causa que compete a un solo partido, sino, tambi\u00e9n es una causa de todas y todos los mexicanos.<\/p>\n\n\n\n<p>Y, adem\u00e1s, convoc\u00f3 a todas las oaxaque\u00f1as y oaxaque\u00f1os a participar el pr\u00f3ximo domingo 9 de marzo en la asamblea informativa en el z\u00f3calo de la Ciudad de M\u00e9xico, donde Sheinbaum Pardo dar\u00e1 a conocer las acciones concretas que se tomar\u00e1n en respuesta a estos injustos aranceles y sobre todo, para refrendar el apoyo y mandar un mensaje claro a EU, de que el pueblo de M\u00e9xico est\u00e1 unido.<\/p>\n\n\n\n<p>\u00abM\u00e9xico es un pa\u00eds que cree en la cooperaci\u00f3n, el di\u00e1logo y la integraci\u00f3n econ\u00f3mica, pero nunca aceptar\u00e1 presiones ni imposiciones que atenten contra su desarrollo ni contra su soberan\u00eda\u00bb, hizo hincapi\u00e9 el tambi\u00e9n Coordinador del Grupo Parlamentario de Morena.<\/p>\n","protected":false},"excerpt":{"rendered":"<p>Redacci\u00f3n\/Zona Roja. Oaxaca de Ju\u00e1rez, Oax., a 5 de marzo de 2025.- El presidente de&hellip;<\/p>\n","protected":false},"author":2,"featured_media":78133,"comment_status":"closed","ping_status":"open","sticky":false,"template":"","format":"standard","meta":{"_lmt_disableupdate":"","_lmt_disable":"","_jetpack_memberships_contains_paid_content":false,"footnotes":""},"categories":[109,46],"tags":[3664],"class_list":["post-78132","post","type-post","status-publish","format-standard","has-post-thumbnail","hentry","category-minuto-a-minuto","category-zona-blanca","tag-benjamin-viveros-montalvo"],"jetpack_featured_media_url":"https:\/\/zonaroja.com.mx\/wp-content\/uploads\/2025\/03\/Dip.-Benjamin-Viveros_Montalvo.jpeg","jetpack_sharing_enabled":true,"_links":{"self":[{"href":"https:\/\/zonaroja.com.mx\/index.php?rest_route=\/wp\/v2\/posts\/78132","targetHints":{"allow":["GET"]}}],"collection":[{"href":"https:\/\/zonaroja.com.mx\/index.php?rest_route=\/wp\/v2\/posts"}],"about":[{"href":"https:\/\/zonaroja.com.mx\/index.php?rest_route=\/wp\/v2\/types\/post"}],"author":[{"embeddable":true,"href":"https:\/\/zonaroja.com.mx\/index.php?rest_route=\/wp\/v2\/users\/2"}],"replies":[{"embeddable":true,"href":"https:\/\/zonaroja.com.mx\/index.php?rest_route=%2Fwp%2Fv2%2Fcomments&post=78132"}],"version-history":[{"count":1,"href":"https:\/\/zonaroja.com.mx\/index.php?rest_route=\/wp\/v2\/posts\/78132\/revisions"}],"predecessor-version":[{"id":78134,"href":"https:\/\/zonaroja.com.mx\/index.php?rest_route=\/wp\/v2\/posts\/78132\/revisions\/78134"}],"wp:featuredmedia":[{"embeddable":true,"href":"https:\/\/zonaroja.com.mx\/index.php?rest_route=\/wp\/v2\/media\/78133"}],"wp:attachment":[{"href":"https:\/\/zonaroja.com.mx\/index.php?rest_route=%2Fwp%2Fv2%2Fmedia&parent=78132"}],"wp:term":[{"taxonomy":"category","embeddable":true,"href":"https:\/\/zonaroja.com.mx\/index.php?rest_route=%2Fwp%2Fv2%2Fcategories&post=78132"},{"taxonomy":"post_tag","embeddable":true,"href":"https:\/\/zonaroja.com.mx\/index.php?rest_route=%2Fwp%2Fv2%2Ftags&post=78132"}],"curies":[{"name":"wp","href":"https:\/\/api.w.org\/{rel}","templated":true}]}}