{"id":78135,"date":"2025-03-05T13:18:00","date_gmt":"2025-03-05T19:18:00","guid":{"rendered":"https:\/\/zonaroja.com.mx\/?p=78135"},"modified":"2025-03-05T08:28:33","modified_gmt":"2025-03-05T14:28:33","slug":"detienen-a-un-presunto-homicida-de-un-taxista-en-pinotepa","status":"publish","type":"post","link":"https:\/\/zonaroja.com.mx\/?p=78135","title":{"rendered":"Detienen a un presunto homicida de un taxista en Pinotepa"},"content":{"rendered":"\n<p>Redacci\u00f3n\/Zona Roja.&nbsp;<\/p>\n\n\n\n<p>Oaxaca de Ju\u00e1rez, Oax., a 5 de marzo de 2025.- La Fiscal\u00eda General del Estado de Oaxaca (FGEO) dio cumplimiento a una orden de aprehensi\u00f3n y detuvo a una persona identificada como F.A.D.L., por el delito de homicidio calificado con ventaja, cometido en agravio un taxista identificado como J.C.P, ocurrido en la regi\u00f3n de la Costa.<\/p>\n\n\n\n<p>Con base en las investigaciones realizadas en torno al caso, el 10 de diciembre de 2019, la v\u00edctima J.C.P. -quien laboraba como chofer de un taxi de Pinotepa Nacional- fue agredido con disparos de arma de fuego y privado de la vida cuando circulaba sobre la carretera federal 200 a la altura de la localidad de Mancuernas de Pinotepa Nacional.<\/p>\n\n\n\n<p>La investigaci\u00f3n revela que, el ataque fue perpetrado por un grupo de personas que viajaban como pasajeros, luego de haberles brindado un servicio de viaje.<\/p>\n\n\n\n<p>Una vez reportado el delito, la Fiscal\u00eda de Oaxaca, a trav\u00e9s de la Vicefiscal\u00eda Regional de la Costa, despleg\u00f3 un equipo multidisciplinario al lugar de los hechos para realizar las investigaciones preliminares, las cuales permitieron obtener la orden de aprehensi\u00f3n en contra de F.A.D.L. quien fue detenido por elementos de la Agencia Estatal de Investigaciones (AEI).<\/p>\n\n\n\n<p>Luego de su detenci\u00f3n, F.A.D.L. fue puesto a disposici\u00f3n de la autoridad ministerial que lo requiri\u00f3 para resolver su situaci\u00f3n legal.<\/p>\n\n\n\n<p>CINCULADO A PROCESO<\/p>\n\n\n\n<p>En otro caso, la Fiscal\u00eda General del Estado obtuvo auto de Vinculaci\u00f3n a Proceso y prisi\u00f3n preventiva en contra de dos personas del sexo masculino identificados como C.M.V. y C.M.L., por el delito de Robo a Casa Habitaci\u00f3n en perjuicio patrimonial de C.D.M., ocurrido en la regi\u00f3n de los Valles Centrales.<\/p>\n\n\n\n<p>Conforme a lo establecido en el expediente penal, los hechos ocurrieron el 04 de febrero de 2025, cuando los imputados ingresaron de manera ilegal a un domicilio ubicado en la agencia de San Miguel perteneciente al municipio de San Juan Bautista Guelache en el Valle de Etla.<\/p>\n\n\n\n<p>La investigaci\u00f3n detalla que, de ese domicilio los imputados sustrajeron varios objetos de valor, causando un perjuicio econ\u00f3mico y patrimonial a la v\u00edctima.<\/p>\n\n\n\n<p>Una vez interpuesta la denuncia, la Fiscal\u00eda de Oaxaca a trav\u00e9s de la Vicefiscal\u00eda Regional de Valles Centrales, despleg\u00f3 un equipo multidisciplinario al lugar de los hechos para realizar las investigaciones ministeriales correspondientes, logrando obtener pruebas necesarias para la liberaci\u00f3n de una orden de aprehensi\u00f3n y posteriormente realizar la detenci\u00f3n de C.M.V. y C.M.L., quienes fueron presentados ante la autoridad que los requiri\u00f3, misma que les comunic\u00f3 imputaci\u00f3n.<\/p>\n\n\n\n<p>Tras las respectivas audiencias, el Juez que atiende la causa, valor\u00f3 las pruebas aportadas por la FGEO y dict\u00f3 vinculaci\u00f3n a proceso contra C.M.V. y C.M.L., por el delito de Robo a Casa Habitaci\u00f3n e impuso la medida cautelar de prisi\u00f3n preventiva otorgando dos meses para el cierre de la investigaci\u00f3n complementaria.<\/p>\n","protected":false},"excerpt":{"rendered":"<p>Redacci\u00f3n\/Zona Roja.&nbsp; Oaxaca de Ju\u00e1rez, Oax., a 5 de marzo de 2025.- La Fiscal\u00eda General&hellip;<\/p>\n","protected":false},"author":2,"featured_media":78136,"comment_status":"closed","ping_status":"open","sticky":false,"template":"","format":"standard","meta":{"_lmt_disableupdate":"","_lmt_disable":"","_jetpack_memberships_contains_paid_content":false,"footnotes":""},"categories":[109,47],"tags":[494],"class_list":["post-78135","post","type-post","status-publish","format-standard","has-post-thumbnail","hentry","category-minuto-a-minuto","category-zona-gris","tag-fiscalia-general-del-estado-de-oaxaca"],"jetpack_featured_media_url":"https:\/\/zonaroja.com.mx\/wp-content\/uploads\/2025\/03\/Detenido-por-asesinato-en-Pinotepa.jpg","jetpack_sharing_enabled":true,"_links":{"self":[{"href":"https:\/\/zonaroja.com.mx\/index.php?rest_route=\/wp\/v2\/posts\/78135","targetHints":{"allow":["GET"]}}],"collection":[{"href":"https:\/\/zonaroja.com.mx\/index.php?rest_route=\/wp\/v2\/posts"}],"about":[{"href":"https:\/\/zonaroja.com.mx\/index.php?rest_route=\/wp\/v2\/types\/post"}],"author":[{"embeddable":true,"href":"https:\/\/zonaroja.com.mx\/index.php?rest_route=\/wp\/v2\/users\/2"}],"replies":[{"embeddable":true,"href":"https:\/\/zonaroja.com.mx\/index.php?rest_route=%2Fwp%2Fv2%2Fcomments&post=78135"}],"version-history":[{"count":1,"href":"https:\/\/zonaroja.com.mx\/index.php?rest_route=\/wp\/v2\/posts\/78135\/revisions"}],"predecessor-version":[{"id":78137,"href":"https:\/\/zonaroja.com.mx\/index.php?rest_route=\/wp\/v2\/posts\/78135\/revisions\/78137"}],"wp:featuredmedia":[{"embeddable":true,"href":"https:\/\/zonaroja.com.mx\/index.php?rest_route=\/wp\/v2\/media\/78136"}],"wp:attachment":[{"href":"https:\/\/zonaroja.com.mx\/index.php?rest_route=%2Fwp%2Fv2%2Fmedia&parent=78135"}],"wp:term":[{"taxonomy":"category","embeddable":true,"href":"https:\/\/zonaroja.com.mx\/index.php?rest_route=%2Fwp%2Fv2%2Fcategories&post=78135"},{"taxonomy":"post_tag","embeddable":true,"href":"https:\/\/zonaroja.com.mx\/index.php?rest_route=%2Fwp%2Fv2%2Ftags&post=78135"}],"curies":[{"name":"wp","href":"https:\/\/api.w.org\/{rel}","templated":true}]}}