{"id":78140,"date":"2025-03-05T18:40:41","date_gmt":"2025-03-06T00:40:41","guid":{"rendered":"https:\/\/zonaroja.com.mx\/?p=78140"},"modified":"2025-03-05T18:40:43","modified_gmt":"2025-03-06T00:40:43","slug":"confirman-fallecimiento-de-comunero-en-combate-a-incendio-forestal-en-oaxaca","status":"publish","type":"post","link":"https:\/\/zonaroja.com.mx\/?p=78140","title":{"rendered":"Confirman fallecimiento de comunero en combate a incendio forestal en Oaxaca"},"content":{"rendered":"\n<p>Raymundo Morales\/Zona Roja.<\/p>\n\n\n\n<p>Oaxaca de Ju\u00e1rez, Oax., a 5 de marzo de 2025.- El gobierno de Oaxaca confirm\u00f3 el fallecimiento de un comunero, durante el combate a un incendio forestal en la comunidad de Santa Mar\u00eda Cuquila, en la regi\u00f3n Mixteca del estado.<\/p>\n\n\n\n<p>La tragedia ocurri\u00f3 el pasado lunes, en que se reporto el incendio en Atayiki Cuquila, perteneciente a la comunidad de Santa Mar\u00eda Cuquila, en el municipio de Heroica Ciudad de Tlaxiaco, \u201cque fue causado por actividades agropecuarias mal ejecutadas\u201d.<\/p>\n\n\n\n<p>De acuerdo con la Comisi\u00f3n Estatal Forestal, el siniestro comenz\u00f3 la tarde del lunes 3 de marzo, cuando el comunero Daniel Pascual Reyes Melchor realizaba la quema de su rozo, misma que se sali\u00f3 de control, y al intentar recuperarlo, perdi\u00f3 la vida, de manera preliminar, a causa de la topograf\u00eda del terreno, al combustible y clima.<\/p>\n\n\n\n<p>Ante estos hechos, el Centro Estatal de Manejo del Fuego recibi\u00f3, a las 16:40 horas de ese d\u00eda, el reporte del incendio en esa localidad de la regi\u00f3n Mixteca, por parte del comisariado de Bienes Comunales de Santa Mar\u00eda Cuquila, Juan Le\u00f3nides Rosario Ortiz, y de inmediato, envi\u00f3 a los brigadistas.<\/p>\n\n\n\n<p>La instituci\u00f3n se\u00f1al\u00f3 que en las tareas de combate del fuego apoyaron, de manera coordinada, personal de Protecci\u00f3n Civil de Tlaxiaco, Guardia Nacional y 200 personas voluntarias del n\u00facleo rural de Cuquila, lo que permiti\u00f3 liquidar el incendio la ma\u00f1ana del martes.<\/p>\n\n\n\n<p>Para prevenir este tipo de situaciones, el Gobierno de Oaxaca ha implementado una campa\u00f1a de prevenci\u00f3n cultural, a trav\u00e9s de la difusi\u00f3n de la Norma 015 en la que se establece las especificaciones b\u00e1sicas para el manejo y uso del fuego.<\/p>\n\n\n\n<p>Con base en el registro sobre la incidencia de incendios forestales en 2024, se plantea la necesidad de dejar de implementar las actividades de roza, tumba y quema.&nbsp;<\/p>\n\n\n\n<p>A la fecha, el Comit\u00e9 Estatal de Prevenci\u00f3n y Combatientes de Incendios Forestales ha impartido 26 capacitaciones al respecto, de las cuales, nueve han sido en municipios de la Mixteca, a las que asistieron pobladores, personas comuneras y agricultoras.<\/p>\n","protected":false},"excerpt":{"rendered":"<p>Raymundo Morales\/Zona Roja. Oaxaca de Ju\u00e1rez, Oax., a 5 de marzo de 2025.- El gobierno&hellip;<\/p>\n","protected":false},"author":2,"featured_media":78141,"comment_status":"closed","ping_status":"open","sticky":false,"template":"","format":"standard","meta":{"_lmt_disableupdate":"","_lmt_disable":"","_jetpack_memberships_contains_paid_content":false,"footnotes":""},"categories":[109,47],"tags":[1256],"class_list":["post-78140","post","type-post","status-publish","format-standard","has-post-thumbnail","hentry","category-minuto-a-minuto","category-zona-gris","tag-incendios-forestales-oaxaca"],"jetpack_featured_media_url":"https:\/\/zonaroja.com.mx\/wp-content\/uploads\/2025\/03\/Incendio-forestal-Cuquila-Tlaxiaco.jpeg","jetpack_sharing_enabled":true,"_links":{"self":[{"href":"https:\/\/zonaroja.com.mx\/index.php?rest_route=\/wp\/v2\/posts\/78140","targetHints":{"allow":["GET"]}}],"collection":[{"href":"https:\/\/zonaroja.com.mx\/index.php?rest_route=\/wp\/v2\/posts"}],"about":[{"href":"https:\/\/zonaroja.com.mx\/index.php?rest_route=\/wp\/v2\/types\/post"}],"author":[{"embeddable":true,"href":"https:\/\/zonaroja.com.mx\/index.php?rest_route=\/wp\/v2\/users\/2"}],"replies":[{"embeddable":true,"href":"https:\/\/zonaroja.com.mx\/index.php?rest_route=%2Fwp%2Fv2%2Fcomments&post=78140"}],"version-history":[{"count":1,"href":"https:\/\/zonaroja.com.mx\/index.php?rest_route=\/wp\/v2\/posts\/78140\/revisions"}],"predecessor-version":[{"id":78142,"href":"https:\/\/zonaroja.com.mx\/index.php?rest_route=\/wp\/v2\/posts\/78140\/revisions\/78142"}],"wp:featuredmedia":[{"embeddable":true,"href":"https:\/\/zonaroja.com.mx\/index.php?rest_route=\/wp\/v2\/media\/78141"}],"wp:attachment":[{"href":"https:\/\/zonaroja.com.mx\/index.php?rest_route=%2Fwp%2Fv2%2Fmedia&parent=78140"}],"wp:term":[{"taxonomy":"category","embeddable":true,"href":"https:\/\/zonaroja.com.mx\/index.php?rest_route=%2Fwp%2Fv2%2Fcategories&post=78140"},{"taxonomy":"post_tag","embeddable":true,"href":"https:\/\/zonaroja.com.mx\/index.php?rest_route=%2Fwp%2Fv2%2Ftags&post=78140"}],"curies":[{"name":"wp","href":"https:\/\/api.w.org\/{rel}","templated":true}]}}