{"id":78146,"date":"2025-03-05T21:23:12","date_gmt":"2025-03-06T03:23:12","guid":{"rendered":"https:\/\/zonaroja.com.mx\/?p=78146"},"modified":"2025-03-05T21:23:14","modified_gmt":"2025-03-06T03:23:14","slug":"detienen-en-oaxaca-a-ex-candidato-a-edil-por-tentativa-de-feminicidio","status":"publish","type":"post","link":"https:\/\/zonaroja.com.mx\/?p=78146","title":{"rendered":"Detienen en Oaxaca a ex candidato a edil, por tentativa de feminicidio"},"content":{"rendered":"\n<p>Raymundo Morales\/Zona Roja.<\/p>\n\n\n\n<p>Oaxaca de Ju\u00e1rez, Oax., 5 de marzo de 2025.- Miguel \u00c1ngel C. V., quien fuera candidato a presidente municipal de Ciudad Ixtepec, Oaxaca, por el Partido Mujer, fue detenido hoy acusado de tentativa de feminicidio.<\/p>\n\n\n\n<p>La Fiscal\u00eda General del Estado de Oaxaca (FGEO) confirm\u00f3 que ejecut\u00f3 una orden de aprehensi\u00f3n en contra de dicha persona cometido en agravio de su pareja, hechos ocurridos en la regi\u00f3n del Istmo de Tehuantepec.<\/p>\n\n\n\n<p>En un comunicado, inform\u00f3 que, de acuerdo con el expediente penal, los hechos ocurrieron el 21 de enero de 2025 en Ciudad Ixtepec, cuando la v\u00edctima se encontraba en su domicilio, lugar en el que fue agredida verbalmente y f\u00edsicamente.<\/p>\n\n\n\n<p>Al tener conocimiento de la denuncia por estos hechos, la Fiscal\u00eda de Oaxaca inici\u00f3 las investigaciones correspondientes a trav\u00e9s de la Vicefiscal\u00eda Regional del Istmo de Tehuantepec, la cual despleg\u00f3 un equipo multidisciplinario que reuni\u00f3 las pruebas necesarias que permitieron obtener una orden de aprehensi\u00f3n en contra de M.A.C.V.&nbsp; por el delito de tentativa de feminicidio.<\/p>\n\n\n\n<p>Tras su detenci\u00f3n, M.A.C.V. fue puesto a disposici\u00f3n de la autoridad correspondiente para que se determine su situaci\u00f3n jur\u00eddica.<\/p>\n\n\n\n<p>La Fiscal\u00eda de Oaxaca agreg\u00f3 que est\u00e1 comprometida con brindar investigaciones prontas y efectivas, especialmente en delitos que involucran violencia contra las mujeres, ni\u00f1as y adolescentes, pues con esto busca garantizar a las v\u00edctimas procesos de procuraci\u00f3n de justicia eficientes.&nbsp;<\/p>\n","protected":false},"excerpt":{"rendered":"<p>Raymundo Morales\/Zona Roja. Oaxaca de Ju\u00e1rez, Oax., 5 de marzo de 2025.- Miguel \u00c1ngel C.&hellip;<\/p>\n","protected":false},"author":2,"featured_media":78147,"comment_status":"closed","ping_status":"open","sticky":false,"template":"","format":"standard","meta":{"_lmt_disableupdate":"","_lmt_disable":"","_jetpack_memberships_contains_paid_content":false,"footnotes":""},"categories":[109,46],"tags":[494],"class_list":["post-78146","post","type-post","status-publish","format-standard","has-post-thumbnail","hentry","category-minuto-a-minuto","category-zona-blanca","tag-fiscalia-general-del-estado-de-oaxaca"],"jetpack_featured_media_url":"https:\/\/zonaroja.com.mx\/wp-content\/uploads\/2025\/03\/Miguel-Angel-C.-V.-Ciudad-Ixtepec.jpg","jetpack_sharing_enabled":true,"_links":{"self":[{"href":"https:\/\/zonaroja.com.mx\/index.php?rest_route=\/wp\/v2\/posts\/78146","targetHints":{"allow":["GET"]}}],"collection":[{"href":"https:\/\/zonaroja.com.mx\/index.php?rest_route=\/wp\/v2\/posts"}],"about":[{"href":"https:\/\/zonaroja.com.mx\/index.php?rest_route=\/wp\/v2\/types\/post"}],"author":[{"embeddable":true,"href":"https:\/\/zonaroja.com.mx\/index.php?rest_route=\/wp\/v2\/users\/2"}],"replies":[{"embeddable":true,"href":"https:\/\/zonaroja.com.mx\/index.php?rest_route=%2Fwp%2Fv2%2Fcomments&post=78146"}],"version-history":[{"count":1,"href":"https:\/\/zonaroja.com.mx\/index.php?rest_route=\/wp\/v2\/posts\/78146\/revisions"}],"predecessor-version":[{"id":78148,"href":"https:\/\/zonaroja.com.mx\/index.php?rest_route=\/wp\/v2\/posts\/78146\/revisions\/78148"}],"wp:featuredmedia":[{"embeddable":true,"href":"https:\/\/zonaroja.com.mx\/index.php?rest_route=\/wp\/v2\/media\/78147"}],"wp:attachment":[{"href":"https:\/\/zonaroja.com.mx\/index.php?rest_route=%2Fwp%2Fv2%2Fmedia&parent=78146"}],"wp:term":[{"taxonomy":"category","embeddable":true,"href":"https:\/\/zonaroja.com.mx\/index.php?rest_route=%2Fwp%2Fv2%2Fcategories&post=78146"},{"taxonomy":"post_tag","embeddable":true,"href":"https:\/\/zonaroja.com.mx\/index.php?rest_route=%2Fwp%2Fv2%2Ftags&post=78146"}],"curies":[{"name":"wp","href":"https:\/\/api.w.org\/{rel}","templated":true}]}}