{"id":78153,"date":"2025-03-06T07:00:00","date_gmt":"2025-03-06T13:00:00","guid":{"rendered":"https:\/\/zonaroja.com.mx\/?p=78153"},"modified":"2025-03-06T19:11:06","modified_gmt":"2025-03-07T01:11:06","slug":"alarmante-inseguridad-en-oaxaca-capital-dos-ejecutados-anoche","status":"publish","type":"post","link":"https:\/\/zonaroja.com.mx\/?p=78153","title":{"rendered":"Alarmante inseguridad en Oaxaca capital: dos ejecutados anoche"},"content":{"rendered":"\n<p>Ismael Garc\u00eda M.\/Zona Roja.<\/p>\n\n\n\n<p>Oaxaca de Ju\u00e1rez, Oax., a 6 de marzo de 2025.- A escasas cuadras del Centro Hist\u00f3rico de la ciudad de Oaxaca, dos personas fueron ejecutadas a balazos anoche.<\/p>\n\n\n\n<p>El ataque armado ocurri\u00f3 alrededor de las 22:30 horas en la calle prolongaci\u00f3n de Valerio Trujanjo, en inmediaciones de la Central de Abasto.<\/p>\n\n\n\n<p>Las v\u00edctimas fueron identificadas de manera preliminar como Lomel\u00ed F. M., de 37 a\u00f1os de edad, y Niketea Leticia G. S., de 38 a\u00f1os.<\/p>\n\n\n\n<p>Los criminales presuntamente son dos personas que, tras la agresi\u00f3n, huyeron a bordo de una motocicleta, ante la nula presencia de la polic\u00eda municipal de Oaxaca de Ju\u00e1rez.<\/p>\n\n\n\n<p>Personal param\u00e9dico de la Cruz Roja Mexicana arrib\u00f3 al sitio para brindar la atenci\u00f3n m\u00e9dica pero corrobor\u00f3 que las dos personas ya no contaban con signos vitales.<\/p>\n\n\n\n<p>Autoridades estatales, a trav\u00e9s de la coordinaci\u00f3n policiaca metropolitana, han informado que mantienen operativos conjuntos con corporaciones de los tres niveles de gobierno; sin embargo, la ola delictiva contin\u00faa en la capital.<\/p>\n\n\n\n<p>Bajo el mando del ex militar Claudio de Jes\u00fas P\u00e9rez y P\u00e9rez, Teniente Coronel, los delitos han ido al alza y adem\u00e1s de los robos a transe\u00fantes, los \u201ccristalazos\u201d se han vuelto frecuentes en pleno centro de la ciudad.<\/p>\n\n\n\n<p>Ello a pesar de que en su segundo d\u00eda de mandato, el presidente municipal de Oaxaca, Raymundo Chagoya, entreg\u00f3 26 unidades de motor, entre patrullas y motopatrullas, balizadas de color verde y azul, ajenos a los est\u00e1ndares de la crom\u00e1tica general.<\/p>\n","protected":false},"excerpt":{"rendered":"<p>Ismael Garc\u00eda M.\/Zona Roja. Oaxaca de Ju\u00e1rez, Oax., a 6 de marzo de 2025.- A&hellip;<\/p>\n","protected":false},"author":2,"featured_media":78154,"comment_status":"closed","ping_status":"open","sticky":false,"template":"","format":"standard","meta":{"_lmt_disableupdate":"","_lmt_disable":"","_jetpack_memberships_contains_paid_content":false,"footnotes":""},"categories":[109,51],"tags":[148],"class_list":["post-78153","post","type-post","status-publish","format-standard","has-post-thumbnail","hentry","category-minuto-a-minuto","category-zona-roja","tag-oaxaca-de-juarez"],"jetpack_featured_media_url":"https:\/\/zonaroja.com.mx\/wp-content\/uploads\/2025\/03\/Dos-ejecutados-ciudad-de-Oaxaca.jpg","jetpack_sharing_enabled":true,"_links":{"self":[{"href":"https:\/\/zonaroja.com.mx\/index.php?rest_route=\/wp\/v2\/posts\/78153","targetHints":{"allow":["GET"]}}],"collection":[{"href":"https:\/\/zonaroja.com.mx\/index.php?rest_route=\/wp\/v2\/posts"}],"about":[{"href":"https:\/\/zonaroja.com.mx\/index.php?rest_route=\/wp\/v2\/types\/post"}],"author":[{"embeddable":true,"href":"https:\/\/zonaroja.com.mx\/index.php?rest_route=\/wp\/v2\/users\/2"}],"replies":[{"embeddable":true,"href":"https:\/\/zonaroja.com.mx\/index.php?rest_route=%2Fwp%2Fv2%2Fcomments&post=78153"}],"version-history":[{"count":2,"href":"https:\/\/zonaroja.com.mx\/index.php?rest_route=\/wp\/v2\/posts\/78153\/revisions"}],"predecessor-version":[{"id":78184,"href":"https:\/\/zonaroja.com.mx\/index.php?rest_route=\/wp\/v2\/posts\/78153\/revisions\/78184"}],"wp:featuredmedia":[{"embeddable":true,"href":"https:\/\/zonaroja.com.mx\/index.php?rest_route=\/wp\/v2\/media\/78154"}],"wp:attachment":[{"href":"https:\/\/zonaroja.com.mx\/index.php?rest_route=%2Fwp%2Fv2%2Fmedia&parent=78153"}],"wp:term":[{"taxonomy":"category","embeddable":true,"href":"https:\/\/zonaroja.com.mx\/index.php?rest_route=%2Fwp%2Fv2%2Fcategories&post=78153"},{"taxonomy":"post_tag","embeddable":true,"href":"https:\/\/zonaroja.com.mx\/index.php?rest_route=%2Fwp%2Fv2%2Ftags&post=78153"}],"curies":[{"name":"wp","href":"https:\/\/api.w.org\/{rel}","templated":true}]}}