{"id":78156,"date":"2025-03-06T08:15:00","date_gmt":"2025-03-06T14:15:00","guid":{"rendered":"https:\/\/zonaroja.com.mx\/?p=78156"},"modified":"2025-03-06T07:10:37","modified_gmt":"2025-03-06T13:10:37","slug":"desaparicion-de-grupo-de-jovenes-prende-alertas-en-oaxaca-puebla-y-tlaxcala","status":"publish","type":"post","link":"https:\/\/zonaroja.com.mx\/?p=78156","title":{"rendered":"Desaparici\u00f3n de grupo de j\u00f3venes prende alertas en Oaxaca, Puebla y Tlaxcala"},"content":{"rendered":"\n<p>Redacci\u00f3n\/Zona Roja Cdmx.<\/p>\n\n\n\n<p>Ciudad de M\u00e9xico, a 6 de marzo de 2025.- Las desapariciones y la violencia sigue prendiendo alertas en el pa\u00eds. Esta semana se dio a conocer un nuevo caso que ha movilizado a las autoridades de Oaxaca, Puebla y Tlaxcala, luego de dos denuncias por la no localizaci\u00f3n de cuatro personas originarias de Tlaxcala, quienes fueron vistas por \u00faltima vez en la regi\u00f3n de la Costa oaxaque\u00f1a.<\/p>\n\n\n\n<p>El reporte de desaparici\u00f3n de los j\u00f3venes coincidi\u00f3 con el hallazgo de nueve cuerpos descuartizados, encontrados la noche del domingo en el kil\u00f3metro 83 de la carretera Cuacnopalan-Oaxaca, a la altura del municipio poblano de San Jos\u00e9 Miahuatl\u00e1n, ubicado en los l\u00edmites con Oaxaca.<\/p>\n\n\n\n<p>Los primeros reportes se\u00f1alan que algunas de las v\u00edctimas fueron abandonadas en el interior del veh\u00edculo y otras alrededor del mismo, el cual fue ubicado a la altura del puente Calapa.<\/p>\n\n\n\n<p>Medios locales informaron que los cuerpos hallados coinciden con las caracter\u00edsticas de varios j\u00f3venes que fueron reportados como desaparecidos por las autoridades de Oaxaca, aunque no se ha confirmado su identidad ni la correlaci\u00f3n de los hechos. Esto es lo que se sabe del caso.<\/p>\n\n\n\n<p>LA DESAPARICI\u00d3N<\/p>\n\n\n\n<p>Al menos siete j\u00f3venes originarios de Tlaxcala fueron reportados como desaparecidos el pasado 27 de febrero; la \u00faltima vez que fueron vistos se encontraban en San Mar\u00eda Huatulco y Zipolite, en la Costa de Oaxaca.<\/p>\n\n\n\n<p>La Fiscal\u00eda de Oaxaca confirm\u00f3 este lunes que ten\u00eda el reporte cuatro j\u00f3venes desaparecidos, en tanto que una persona m\u00e1s ya hab\u00eda sido localizada.<\/p>\n\n\n\n<p>De acuerdo con las denuncias recibidas, Angie Lizeth P\u00e9rez Garc\u00eda y Brenda Mariel Salas Moya fueron vistas por \u00faltima vez el 27 de febrero de 2025 en Santa Mar\u00eda Huatulco. Viajaban a bordo de un veh\u00edculo Ford Fiesta de 2016, con placas de circulaci\u00f3n del Estado de Yucat\u00e1n.<\/p>\n\n\n\n<p>Salas Moya fue localizada en el estado de Puebla, en tanto que Ra\u00fal Emmanuel Gonz\u00e1lez Lozano y Noem\u00ed Yamileth L\u00f3pez Moratilla, fueron vistos por \u00faltima vez el 28 de febrero de 2025, en la playa de Zipolite, en San Pedro Pochutla, ambos viajaban a bordo de un Audi.<\/p>\n\n\n\n<p>A trav\u00e9s de redes sociales, la madre de una joven m\u00e1s, identificada como Jacqueline Ailet Meza C\u00e1zares, report\u00f3 que la joven se encontraba desaparecida desde el mi\u00e9rcoles 26 de febrero, luego de que viaj\u00f3 a Zipolite, Pochutla, acompa\u00f1ada de su novio, pero quienes habr\u00edan sido \u00ablevantados\u00bb por un grupo de hombres, luego de que ambos salieran a cenar.<\/p>\n\n\n\n<p>La Fiscal\u00eda de Oaxaca tambi\u00e9n comparti\u00f3 la ficha de b\u00fasqueda de Lesly Noya Trejo, de 21 a\u00f1os, quien fue vista por \u00faltima vez el 24 de febrero, en San Jos\u00e9 Tetel, municipio de Yauhquemehcan, Tlaxcala.<\/p>\n\n\n\n<p>EL HALLAZGO<\/p>\n\n\n\n<p>Este lunes tambi\u00e9n se dio a conocer que autoridades hallaron los cuerpos desmembrados de nueve j\u00f3venes, cuatro mujeres y cinco hombres, quienes eran originarios de Tlaxcala, encontrados el domingo por la noche en el municipio de San Jos\u00e9 Miahuatl\u00e1n, Puebla.<\/p>\n\n\n\n<p>El Gobierno de Puebla confirm\u00f3 el hallazgo de los cuerpos y, en conferencia de prensa, la titular de la Fiscal\u00eda General del Estado (FGE), Idamis Pastor Betancourt, dijo: \u00abhasta ahora no puedo ofrecer informaci\u00f3n, se tienen l\u00edneas de investigaci\u00f3n, pero no puedo decirlas por sigilo\u00bb.<\/p>\n\n\n\n<p>\u00abSe est\u00e1n haciendo todas las investigaciones pertinentes, cuando ya se tenga una respuesta y una investigaci\u00f3n terminada, en ese momento estaremos en condiciones de dar mayor informaci\u00f3n\u00bb, agreg\u00f3 la funcionaria.<\/p>\n\n\n\n<p>El veh\u00edculo habr\u00eda sido abandonado en los l\u00edmites de Puebla y Oaxaca, en tanto que a unos metros fue hallada una lona llena de sangre que cubr\u00eda varios cuerpos desmembrados.<\/p>\n\n\n\n<p>Las primeras versiones indican que los cuerpos ten\u00edan impactos de bala y huellas de tortura.<\/p>\n\n\n\n<p>Tras el hallazgo reportado en Puebla, el titular de la Comisi\u00f3n Estatal de B\u00fasqueda de Personas Desaparecidas de Oaxaca, Michel Juli\u00e1n, explic\u00f3 que ya trabaja en colaboraci\u00f3n con autoridades de Puebla.<\/p>\n\n\n\n<p>Hasta el momento no se ha confirmado la identidad de los cuerpos hallados en Puebla, pero tras conocerse que una de las j\u00f3venes desaparecidas en Oaxaca fue localizada en Puebla, se presume que podr\u00eda tratarse de los j\u00f3venes desaparecidos.<\/p>\n\n\n\n<p>Las autoridades contin\u00faan con las investigaciones, en tanto que organizaciones como Causa en Com\u00fan han alertado que tan solo en los primeros dos meses de 2025 se han registrado 12 casos de mutilaci\u00f3n, descuartizamiento y destrucci\u00f3n de cuerpos en Oaxaca.<\/p>\n\n\n\n<p>La desaparici\u00f3n de estos j\u00f3venes su suma tambi\u00e9n al reporte de desaparici\u00f3n de ocho j\u00f3venes a principios de enero de 2025; entre los desaparecidos se encontraba un menor de 17 a\u00f1os, mientras que el resto tiene entre 18 y 44 a\u00f1os, quienes presuntamente hab\u00edan sido convocados por alg\u00fan conocido a una reuni\u00f3n de trabajo en la costa oaxaque\u00f1a.<\/p>\n\n\n\n<p>Los j\u00f3venes se conoc\u00edan entre s\u00ed, eran amigos y viajaban juntos hacia Puerto Escondido. La carpeta de investigaci\u00f3n de este caso qued\u00f3 a cargo de la Fiscal\u00eda General del Estado de Oaxaca, no obstante, las autoridades identificaron la presunta implicaci\u00f3n de la delincuencia organizada.<\/p>\n\n\n\n<p>\u00bfQUI\u00c9NES SON?<\/p>\n\n\n\n<p>Hasta ahora, las autoridades han emitido las fichas de b\u00fasqueda de los siguientes j\u00f3venes originarios de Tlaxcala:<\/p>\n\n\n\n<p>Jacqueline Ailet Meza C\u00e1zares, de 23 a\u00f1os.<\/p>\n\n\n\n<p>Lesly Noya Trejo, 21 a\u00f1os.<\/p>\n\n\n\n<p>Angie Lizeth P\u00e9rez Garc\u00eda, de 29 a\u00f1os.<\/p>\n\n\n\n<p>Ra\u00fal Emmanuel Gonz\u00e1lez Lozano, 28 a\u00f1os.<\/p>\n\n\n\n<p>Noem\u00ed Yamileth L\u00f3pez Moratilla, 28 a\u00f1os.<\/p>\n\n\n\n<p>Brenda Mariel Salas, 19 a\u00f1os (localizada).<\/p>\n\n\n\n<p>(Informaci\u00f3n de \u201cExpansi\u00f3n Pol\u00edtica\u201d)<\/p>\n","protected":false},"excerpt":{"rendered":"<p>Redacci\u00f3n\/Zona Roja Cdmx. Ciudad de M\u00e9xico, a 6 de marzo de 2025.- Las desapariciones y&hellip;<\/p>\n","protected":false},"author":2,"featured_media":68719,"comment_status":"closed","ping_status":"open","sticky":false,"template":"","format":"standard","meta":{"_lmt_disableupdate":"","_lmt_disable":"","_jetpack_memberships_contains_paid_content":false,"footnotes":""},"categories":[109,46],"tags":[],"class_list":["post-78156","post","type-post","status-publish","format-standard","has-post-thumbnail","hentry","category-minuto-a-minuto","category-zona-blanca"],"jetpack_featured_media_url":"https:\/\/zonaroja.com.mx\/wp-content\/uploads\/2024\/05\/Escena-crimen-homicidio.jpg","jetpack_sharing_enabled":true,"_links":{"self":[{"href":"https:\/\/zonaroja.com.mx\/index.php?rest_route=\/wp\/v2\/posts\/78156","targetHints":{"allow":["GET"]}}],"collection":[{"href":"https:\/\/zonaroja.com.mx\/index.php?rest_route=\/wp\/v2\/posts"}],"about":[{"href":"https:\/\/zonaroja.com.mx\/index.php?rest_route=\/wp\/v2\/types\/post"}],"author":[{"embeddable":true,"href":"https:\/\/zonaroja.com.mx\/index.php?rest_route=\/wp\/v2\/users\/2"}],"replies":[{"embeddable":true,"href":"https:\/\/zonaroja.com.mx\/index.php?rest_route=%2Fwp%2Fv2%2Fcomments&post=78156"}],"version-history":[{"count":1,"href":"https:\/\/zonaroja.com.mx\/index.php?rest_route=\/wp\/v2\/posts\/78156\/revisions"}],"predecessor-version":[{"id":78157,"href":"https:\/\/zonaroja.com.mx\/index.php?rest_route=\/wp\/v2\/posts\/78156\/revisions\/78157"}],"wp:featuredmedia":[{"embeddable":true,"href":"https:\/\/zonaroja.com.mx\/index.php?rest_route=\/wp\/v2\/media\/68719"}],"wp:attachment":[{"href":"https:\/\/zonaroja.com.mx\/index.php?rest_route=%2Fwp%2Fv2%2Fmedia&parent=78156"}],"wp:term":[{"taxonomy":"category","embeddable":true,"href":"https:\/\/zonaroja.com.mx\/index.php?rest_route=%2Fwp%2Fv2%2Fcategories&post=78156"},{"taxonomy":"post_tag","embeddable":true,"href":"https:\/\/zonaroja.com.mx\/index.php?rest_route=%2Fwp%2Fv2%2Ftags&post=78156"}],"curies":[{"name":"wp","href":"https:\/\/api.w.org\/{rel}","templated":true}]}}