{"id":78158,"date":"2025-03-06T09:17:00","date_gmt":"2025-03-06T15:17:00","guid":{"rendered":"https:\/\/zonaroja.com.mx\/?p=78158"},"modified":"2025-03-06T07:21:32","modified_gmt":"2025-03-06T13:21:32","slug":"aprueba-cabildo-de-oaxaca-capital-nueva-fecha-para-elecciones-en-agencias","status":"publish","type":"post","link":"https:\/\/zonaroja.com.mx\/?p=78158","title":{"rendered":"Aprueba Cabildo de Oaxaca capital nueva fecha para elecciones en agencias\u00a0"},"content":{"rendered":"\n<p>Redacci\u00f3n\/Zona Roja.<\/p>\n\n\n\n<p>Oaxaca de Ju\u00e1rez, Oax., a 6 de marzo de 2025.- En sesi\u00f3n extraordinaria de Cabildo de Oaxaca de Ju\u00e1rez, se aprob\u00f3 ayer el dictamen para la emisi\u00f3n de la convocatoria que convoca a la elecci\u00f3n de agentes municipales y de polic\u00eda del municipio, la cual se celebrar\u00e1 los d\u00edas 9 y 15 de marzo de 2025.<\/p>\n\n\n\n<p>El presidente municipal, Raymundo Chagoya, expres\u00f3 su confianza en el desarrollo de un proceso electoral ejemplar e inclusivo, que garantice la participaci\u00f3n de las vecinas y vecinos, en beneficio de la comunidad oaxaque\u00f1a.&nbsp;<\/p>\n\n\n\n<p>\u00abSer\u00e1 una jornada ejemplar, en la que garantizamos la participaci\u00f3n de todos los sectores y cumpliremos con los principios de equidad\u00bb, asegur\u00f3 Chagoya.<\/p>\n\n\n\n<p>De acuerdo con el dictamen aprobado, se decretan acciones afirmativas para asegurar la paridad y alternancia de g\u00e9nero en cumplimiento con la sentencia emitida por el Tribunal Electoral del Estado de Oaxaca.&nbsp;<\/p>\n\n\n\n<p>En este sentido, se declararon como procedentes y v\u00e1lidos los registros ya realizados por las candidatas mujeres.<\/p>\n\n\n\n<p>Asimismo, se instruy\u00f3 a la Secretar\u00eda Municipal para coordinarse con la Coordinaci\u00f3n de Comunicaci\u00f3n Social y la Direcci\u00f3n de Barrios y Colonias para la adecuada difusi\u00f3n y publicaci\u00f3n de la convocatoria.&nbsp;<\/p>\n\n\n\n<p>La Secretar\u00eda de Gobierno y Territorio, por su parte, ser\u00e1 responsable de organizar el proceso electoral a trav\u00e9s de la Direcci\u00f3n de Barrios y Colonias.<\/p>\n\n\n\n<p>Para garantizar el buen desarrollo de la jornada electoral, la Secretar\u00eda de Seguridad Vecinal implementar\u00e1 un mecanismo de seguridad que vele por el orden y la tranquilidad de las y los participantes.<\/p>\n\n\n\n<p>El presidente municipal hizo un llamado a los agentes municipales a acompa\u00f1ar este proceso, reafirmando su compromiso con un proceso transparente, inclusivo y pac\u00edfico.<\/p>\n","protected":false},"excerpt":{"rendered":"<p>Redacci\u00f3n\/Zona Roja. Oaxaca de Ju\u00e1rez, Oax., a 6 de marzo de 2025.- En sesi\u00f3n extraordinaria&hellip;<\/p>\n","protected":false},"author":2,"featured_media":78159,"comment_status":"closed","ping_status":"open","sticky":false,"template":"","format":"standard","meta":{"_lmt_disableupdate":"","_lmt_disable":"","_jetpack_memberships_contains_paid_content":false,"footnotes":""},"categories":[109,46],"tags":[148],"class_list":["post-78158","post","type-post","status-publish","format-standard","has-post-thumbnail","hentry","category-minuto-a-minuto","category-zona-blanca","tag-oaxaca-de-juarez"],"jetpack_featured_media_url":"https:\/\/zonaroja.com.mx\/wp-content\/uploads\/2025\/03\/Sesion-Cabildo-Oaxaca-.jpeg","jetpack_sharing_enabled":true,"_links":{"self":[{"href":"https:\/\/zonaroja.com.mx\/index.php?rest_route=\/wp\/v2\/posts\/78158","targetHints":{"allow":["GET"]}}],"collection":[{"href":"https:\/\/zonaroja.com.mx\/index.php?rest_route=\/wp\/v2\/posts"}],"about":[{"href":"https:\/\/zonaroja.com.mx\/index.php?rest_route=\/wp\/v2\/types\/post"}],"author":[{"embeddable":true,"href":"https:\/\/zonaroja.com.mx\/index.php?rest_route=\/wp\/v2\/users\/2"}],"replies":[{"embeddable":true,"href":"https:\/\/zonaroja.com.mx\/index.php?rest_route=%2Fwp%2Fv2%2Fcomments&post=78158"}],"version-history":[{"count":1,"href":"https:\/\/zonaroja.com.mx\/index.php?rest_route=\/wp\/v2\/posts\/78158\/revisions"}],"predecessor-version":[{"id":78160,"href":"https:\/\/zonaroja.com.mx\/index.php?rest_route=\/wp\/v2\/posts\/78158\/revisions\/78160"}],"wp:featuredmedia":[{"embeddable":true,"href":"https:\/\/zonaroja.com.mx\/index.php?rest_route=\/wp\/v2\/media\/78159"}],"wp:attachment":[{"href":"https:\/\/zonaroja.com.mx\/index.php?rest_route=%2Fwp%2Fv2%2Fmedia&parent=78158"}],"wp:term":[{"taxonomy":"category","embeddable":true,"href":"https:\/\/zonaroja.com.mx\/index.php?rest_route=%2Fwp%2Fv2%2Fcategories&post=78158"},{"taxonomy":"post_tag","embeddable":true,"href":"https:\/\/zonaroja.com.mx\/index.php?rest_route=%2Fwp%2Fv2%2Ftags&post=78158"}],"curies":[{"name":"wp","href":"https:\/\/api.w.org\/{rel}","templated":true}]}}