{"id":78164,"date":"2025-03-06T09:07:00","date_gmt":"2025-03-06T15:07:00","guid":{"rendered":"https:\/\/zonaroja.com.mx\/?p=78164"},"modified":"2025-03-06T08:09:41","modified_gmt":"2025-03-06T14:09:41","slug":"investiga-fiscalia-probable-participacion-de-policias-de-huatulco-en-desapariciones","status":"publish","type":"post","link":"https:\/\/zonaroja.com.mx\/?p=78164","title":{"rendered":"Investiga Fiscal\u00eda probable participaci\u00f3n de polic\u00edas de Huatulco en desapariciones"},"content":{"rendered":"\n<p>Raymundo Morales\/Zona Roja.<\/p>\n\n\n\n<p>Oaxaca de Ju\u00e1rez, Oax., a 6 de marzo de 2025.- La Fiscal\u00eda General del Estado de Oaxaca inform\u00f3 que, derivado de los trabajos de inteligencia criminal y an\u00e1lisis de contexto, investiga si existe alg\u00fan nivel de involucramiento de elementos de polic\u00edas municipales de Santa Maria Huatulco en el caso de cuatro personas reportadas como No Localizadas, originarias de Tlaxcala, quienes fueron vistas por \u00faltima vez en la regi\u00f3n de la Costa.<\/p>\n\n\n\n<p>En un comunicado, detall\u00f3 que luego de recibir dos denuncias por la No localizaci\u00f3n de cuatro personas originarias del estado de Tlaxcala, la instituci\u00f3n inici\u00f3 las investigaciones por el delito de desaparici\u00f3n cometida por particulares.&nbsp;<\/p>\n\n\n\n<p>\u201cAdem\u00e1s, por las caracter\u00edsticas particulares del caso se estableci\u00f3 una estrecha y continua colaboraci\u00f3n con las Fiscal\u00edas de Puebla y Tlaxcala, as\u00ed como con la Comisi\u00f3n Estatal de B\u00fasqueda del Estado de Oaxaca\u201d.<\/p>\n\n\n\n<p>A\u00f1adi\u00f3 que derivado de los trabajos de inteligencia criminal, la Fiscal\u00eda de Oaxaca realiza las labores de b\u00fasqueda y localizaci\u00f3n a trav\u00e9s de equipos multidisciplinarios con \u00e1reas estrat\u00e9gicas para cubrir todas las l\u00edneas de investigaci\u00f3n, lo que ha permitido obtener datos que sugieren que el hecho podr\u00eda relacionarse con una disputa entre c\u00e9lulas delictivas.<\/p>\n\n\n\n<p>Dijo que con el objetivo de garantizar a las v\u00edctimas directas e indirectas un adecuado proceso de procuraci\u00f3n de justicia que les permita conocer la verdad de lo ocurrido, la FGEO lleva a cabo los trabajos ministeriales para saber si existe alg\u00fan nivel de involucramiento de elementos de las polic\u00edas municipales, perfilando l\u00edneas de investigaci\u00f3n encaminadas a garantizar que no haya impunidad y brindar certeza respecto a los hechos.<\/p>\n\n\n\n<p>De acuerdo con las denuncias recibidas, Angie Lizeth P\u00e9rez Garc\u00eda y Brenda Mariel Salas Moya fueron vistas por \u00faltima vez el 27 de febrero de 2025, en Santa Mar\u00eda Huatulco. Viajaban a bordo de un veh\u00edculo Ford Fiesta de 2016, con placas de circulaci\u00f3n del Estado de Yucat\u00e1n.<\/p>\n\n\n\n<p>Mientras que, Ra\u00fal Emmanuel Gonz\u00e1lez Lozano y Noem\u00ed Yamileth L\u00f3pez Moratilla, fueron vistos por \u00faltima vez el 28 de febrero de 2025, en la playa de Zipolite, en San Pedro Pochutla.<\/p>\n\n\n\n<p>La actuaci\u00f3n oportuna y la inmediata activaci\u00f3n de protocolos de b\u00fasqueda, fue posible dar con el paradero con vida de Brenda Mariel Salas Moya, quien fue localizada en el Estado de Puebla.<\/p>\n\n\n\n<p>Fue el pasado domingo por la tarde en que fueron localizados a un costado de la supercarretera Oaxaca-Cuacnopala, l\u00edmites de Oaxaca con Puebla, nueve cuerpos descuartizados, algunos en el interior de un coche marca Volkswagen y otros afuera de la unidad de motor.<\/p>\n\n\n\n<p>Un testimonio de una joven de Tlaxcala aparecida en Puebla habr\u00eda involucrado a los polic\u00edas municipales en el caso criminal.<\/p>\n","protected":false},"excerpt":{"rendered":"<p>Raymundo Morales\/Zona Roja. Oaxaca de Ju\u00e1rez, Oax., a 6 de marzo de 2025.- La Fiscal\u00eda&hellip;<\/p>\n","protected":false},"author":2,"featured_media":78165,"comment_status":"closed","ping_status":"open","sticky":false,"template":"","format":"standard","meta":{"_lmt_disableupdate":"","_lmt_disable":"","_jetpack_memberships_contains_paid_content":false,"footnotes":""},"categories":[109,46],"tags":[494],"class_list":["post-78164","post","type-post","status-publish","format-standard","has-post-thumbnail","hentry","category-minuto-a-minuto","category-zona-blanca","tag-fiscalia-general-del-estado-de-oaxaca"],"jetpack_featured_media_url":"https:\/\/zonaroja.com.mx\/wp-content\/uploads\/2025\/03\/Desaparecidos-Tlaxcala-en-Oaxaca.jpg","jetpack_sharing_enabled":true,"_links":{"self":[{"href":"https:\/\/zonaroja.com.mx\/index.php?rest_route=\/wp\/v2\/posts\/78164","targetHints":{"allow":["GET"]}}],"collection":[{"href":"https:\/\/zonaroja.com.mx\/index.php?rest_route=\/wp\/v2\/posts"}],"about":[{"href":"https:\/\/zonaroja.com.mx\/index.php?rest_route=\/wp\/v2\/types\/post"}],"author":[{"embeddable":true,"href":"https:\/\/zonaroja.com.mx\/index.php?rest_route=\/wp\/v2\/users\/2"}],"replies":[{"embeddable":true,"href":"https:\/\/zonaroja.com.mx\/index.php?rest_route=%2Fwp%2Fv2%2Fcomments&post=78164"}],"version-history":[{"count":1,"href":"https:\/\/zonaroja.com.mx\/index.php?rest_route=\/wp\/v2\/posts\/78164\/revisions"}],"predecessor-version":[{"id":78166,"href":"https:\/\/zonaroja.com.mx\/index.php?rest_route=\/wp\/v2\/posts\/78164\/revisions\/78166"}],"wp:featuredmedia":[{"embeddable":true,"href":"https:\/\/zonaroja.com.mx\/index.php?rest_route=\/wp\/v2\/media\/78165"}],"wp:attachment":[{"href":"https:\/\/zonaroja.com.mx\/index.php?rest_route=%2Fwp%2Fv2%2Fmedia&parent=78164"}],"wp:term":[{"taxonomy":"category","embeddable":true,"href":"https:\/\/zonaroja.com.mx\/index.php?rest_route=%2Fwp%2Fv2%2Fcategories&post=78164"},{"taxonomy":"post_tag","embeddable":true,"href":"https:\/\/zonaroja.com.mx\/index.php?rest_route=%2Fwp%2Fv2%2Ftags&post=78164"}],"curies":[{"name":"wp","href":"https:\/\/api.w.org\/{rel}","templated":true}]}}