{"id":78167,"date":"2025-03-06T08:23:09","date_gmt":"2025-03-06T14:23:09","guid":{"rendered":"https:\/\/zonaroja.com.mx\/?p=78167"},"modified":"2025-03-06T08:23:11","modified_gmt":"2025-03-06T14:23:11","slug":"opinion-oaxaca-paraiso-de-la-informalidad","status":"publish","type":"post","link":"https:\/\/zonaroja.com.mx\/?p=78167","title":{"rendered":"Opini\u00f3n. Oaxaca, para\u00edso de la informalidad"},"content":{"rendered":"\n<p>N\u00e9stor Y. S\u00e1nchez Islas.<\/p>\n\n\n\n<p>Los reflectores nacionales est\u00e1n puestos en los graves problemas que tiene el pa\u00eds. Por un lado, la econom\u00eda est\u00e1 en picada a pesar del billonario endeudamiento de L\u00f3pez Obrador, la posibilidad de aplicaci\u00f3n de aranceles a M\u00e9xico&nbsp;o&nbsp;la lluvia de balas y sangre que no&nbsp;pueden detener.<\/p>\n\n\n\n<p>Pero Oaxaca tiene los suyos. Y la informalidad es un grave c\u00e1ncer que est\u00e1 carcomiendo las entra\u00f1as de la econom\u00eda local. Los intereses mafiosos y el clientelismo electoral impiden aplicar la quimioterapia que la capital necesita para empezar a sanar.<\/p>\n\n\n\n<p>Los n\u00fameros dan miedo.&nbsp;En el tercer trimestre de 2024, la entidad con mayor tasa de informalidad laboral de&nbsp;comerciantes en&nbsp;establecimientos fue Oaxaca con un 87%. En contraste, Chihuahua, Nuevo Le\u00f3n o Coahuila, tuvieron tasas de entre el 33 al 35% m\u00e1ximo.<\/p>\n\n\n\n<p>Este nivel de informalidad se refleja de inmediato en menor recaudaci\u00f3n fiscal, en competencia desleal para las empresas formales, la limitaci\u00f3n de crecimiento econ\u00f3mico y la desigualdad que no disminuye. En pocas palabras, la informalidad es un c\u00e1ncer econ\u00f3mico y social que el gobierno no quiere atender.<\/p>\n\n\n\n<p>En medios locales y en redes se han publicado diversas quejas sobre el descomunal aumento del cobro de derechos y permisos que el municipio de la capital est\u00e1 aplicando. Esto es consecuencia directa de la tolerancia a la informalidad porque el municipio descarga su ira y su hambre en la reducida base fiscal a la que tiene cautiva y de ellos debe obtener el sustento para sus casi 5 mil empleados. As\u00ed es, la n\u00f3mina municipal de la capital alcanza esa cifra, entre personal de base, pensionados&nbsp;y de confianza de acuerdo con sus propios n\u00fameros.<\/p>\n\n\n\n<p>Por un lado, la presidente Sheinbaum se esfuerza por mantener el precio de la gasolina no en los $10 prometidos por su movimiento sino en los $24 que ella necesita. Pero aqu\u00ed, la hacienda municipal se sirve con la cuchara grande con aumentos de hasta el 300% en sus tarifas. La actual autoridad explica que la Ley de Ingresos que aplica es la que les dej\u00f3 Mart\u00ednez Neri, es decir, que esos cobros son herencia del anterior&nbsp;que c\u00ednicamente buscaba la reelecci\u00f3n.<\/p>\n\n\n\n<p>La magnitud del desfiguro fiscal se puede ejemplificar con el caso de un organizador de eventos que exhibi\u00f3 lo que tuvo que pagar por la autorizaci\u00f3n para la calenda de una boda: $13 mil pesos que, finalmente, quienes lo pagan son quienes&nbsp;eligen como&nbsp;destino para casarse a nuestra capital. Esta pol\u00edtica recaudatoria hecha por tierra lo que por otro lado hacen las autoridades tur\u00edsticas para atraer turismo.<\/p>\n\n\n\n<p>El desglose era m\u00e1s o menos as\u00ed: por tres polic\u00edas viales por una hora algo as\u00ed como $3500. Por la recolecci\u00f3n de la basura despu\u00e9s del evento, m\u00e1s o menos $5500, por el permiso de la calenda m\u00e1s de $4 mil en n\u00fameros redondos.<\/p>\n\n\n\n<p>Los n\u00fameros desnudan la verdadera raz\u00f3n de la polic\u00eda vial: solo es un brazo recaudatorio y de extorsi\u00f3n ciudadana y la recolecci\u00f3n de basura es un carga que le cobran a los que se dejan porque no creo que le cobren a la Secci\u00f3n 22, a los triquis y a otros grupos que continuamente inundan las calles de basura en sus continuas marchas y plantones.<\/p>\n\n\n\n<p>Adem\u00e1s de ello, el incremento en los cobros de predial y licencia de funcionamiento est\u00e1n en desproporci\u00f3n respecto de los servicios que otorga una autoridad que tiene sobrerregulada&nbsp;la actividad econ\u00f3mica. Solo como ejemplo, el ayuntamiento tiene registrados&nbsp;680 giros comerciales, lo que denota el burocratismo de una instituci\u00f3n que se qued\u00f3 atr\u00e1s en el tiempo, que es obesa,&nbsp;ineficiente y disfuncional, que es m\u00e1s un obst\u00e1culo que un factor de crecimiento, muy acorde a la visi\u00f3n del populismo estatista que a las necesidades actuales de una econom\u00eda moderna y din\u00e1mica.<\/p>\n\n\n\n<p>Las razones de la obesidad tanto de la econom\u00eda informal como de la autoridad municipal siempre han sido pol\u00edticas y no de las necesidades de la ciudad. Los problemas de la informalidad vienen de muchos a\u00f1os atr\u00e1s y hoy le explotan al joven presidente municipal que no&nbsp;podr\u00e1 hacer m\u00e1s que administrar el caos. Se sac\u00f3 la rifa del tigre.<\/p>\n\n\n\n<p>En continua tolerancia a un eterno victimismo se&nbsp;soporta&nbsp;el ambulantaje como una supuesta salida a la falta de empleo. El ayuntamiento engorda continuamente porque tiene que satisfacer a sus cinco o seis sindicatos. Usted y yo pagamos a trav\u00e9s de elevadas contribuciones, impuestos y derechos&nbsp;el costo de los intereses que mueven a la clase pol\u00edtica.<\/p>\n\n\n\n<p>LA GRILLA.<\/p>\n\n\n\n<p>El enfrentamiento entre el clan Jara y el Murat tiene a Oaxaca como arena y v\u00edctima de la lucha por el poder.Detr\u00e1s de los problemas con los sindicatos, de la virulencia magisterial y hasta de la inseguridad est\u00e1 la mano de alguno de los dos clanes que, tambi\u00e9n, ambos gozan de un descomunal desprestigio.&nbsp;Si no fuera porque en su disputa est\u00e1n construyendo otra vez las condiciones para que&nbsp;vuelvan a destruirnos como en 2006, que&nbsp;sigan ara\u00f1\u00e1ndose.<\/p>\n\n\n\n<p><a href=\"mailto:nestoryuri@yahoo.com\">nestoryuri@yahoo.com<\/a><\/p>\n","protected":false},"excerpt":{"rendered":"<p>N\u00e9stor Y. S\u00e1nchez Islas. Los reflectores nacionales est\u00e1n puestos en los graves problemas que tiene&hellip;<\/p>\n","protected":false},"author":2,"featured_media":67897,"comment_status":"closed","ping_status":"open","sticky":false,"template":"","format":"standard","meta":{"_lmt_disableupdate":"","_lmt_disable":"","_jetpack_memberships_contains_paid_content":false,"footnotes":""},"categories":[456,109],"tags":[3050],"class_list":["post-78167","post","type-post","status-publish","format-standard","has-post-thumbnail","hentry","category-columna","category-minuto-a-minuto","tag-nestor-yuri-sanchez"],"jetpack_featured_media_url":"https:\/\/zonaroja.com.mx\/wp-content\/uploads\/2024\/05\/Opinion-Nestor-Yuri-Sanchez.jpeg","jetpack_sharing_enabled":true,"_links":{"self":[{"href":"https:\/\/zonaroja.com.mx\/index.php?rest_route=\/wp\/v2\/posts\/78167","targetHints":{"allow":["GET"]}}],"collection":[{"href":"https:\/\/zonaroja.com.mx\/index.php?rest_route=\/wp\/v2\/posts"}],"about":[{"href":"https:\/\/zonaroja.com.mx\/index.php?rest_route=\/wp\/v2\/types\/post"}],"author":[{"embeddable":true,"href":"https:\/\/zonaroja.com.mx\/index.php?rest_route=\/wp\/v2\/users\/2"}],"replies":[{"embeddable":true,"href":"https:\/\/zonaroja.com.mx\/index.php?rest_route=%2Fwp%2Fv2%2Fcomments&post=78167"}],"version-history":[{"count":1,"href":"https:\/\/zonaroja.com.mx\/index.php?rest_route=\/wp\/v2\/posts\/78167\/revisions"}],"predecessor-version":[{"id":78168,"href":"https:\/\/zonaroja.com.mx\/index.php?rest_route=\/wp\/v2\/posts\/78167\/revisions\/78168"}],"wp:featuredmedia":[{"embeddable":true,"href":"https:\/\/zonaroja.com.mx\/index.php?rest_route=\/wp\/v2\/media\/67897"}],"wp:attachment":[{"href":"https:\/\/zonaroja.com.mx\/index.php?rest_route=%2Fwp%2Fv2%2Fmedia&parent=78167"}],"wp:term":[{"taxonomy":"category","embeddable":true,"href":"https:\/\/zonaroja.com.mx\/index.php?rest_route=%2Fwp%2Fv2%2Fcategories&post=78167"},{"taxonomy":"post_tag","embeddable":true,"href":"https:\/\/zonaroja.com.mx\/index.php?rest_route=%2Fwp%2Fv2%2Ftags&post=78167"}],"curies":[{"name":"wp","href":"https:\/\/api.w.org\/{rel}","templated":true}]}}