{"id":78169,"date":"2025-03-06T10:24:00","date_gmt":"2025-03-06T16:24:00","guid":{"rendered":"https:\/\/zonaroja.com.mx\/?p=78169"},"modified":"2025-03-06T08:25:59","modified_gmt":"2025-03-06T14:25:59","slug":"registra-nuevo-leon-inedita-ola-de-incendios-van-mas-de-200","status":"publish","type":"post","link":"https:\/\/zonaroja.com.mx\/?p=78169","title":{"rendered":"Registra Nuevo Le\u00f3n in\u00e9dita ola de incendios; van m\u00e1s de 200"},"content":{"rendered":"\n<p>Redacci\u00f3n\/Zona Roja Cdmx.<\/p>\n\n\n\n<p>Ciudad de M\u00e9xico, a 6 de mayo de 2025.- Los incendios \u2018acechan\u2019 a Nuevo Le\u00f3n: unos 200 casos se han registrado esta semana, mientras empeoran las condiciones del clima en la regi\u00f3n.<\/p>\n\n\n\n<p>El gobierno de Nuevo Le\u00f3n ha informado sobre la detenci\u00f3n de cinco personas, quienes presuntamente habr\u00edan provocado incendios en el municipio de Garc\u00eda.<\/p>\n\n\n\n<p>Samuel Garc\u00eda Sep\u00falveda, Gobernador del Estado, dijo que pedir\u00e1n prisi\u00f3n preventiva para al menos tres de los involucrados y que har\u00e1n todo su esfuerzo para que quienes provoquen incendios en Nuevo Le\u00f3n, reciban castigo con todo el peso de la ley.<\/p>\n\n\n\n<p>\u201cPedir a la mesa (de coordinaci\u00f3n metropolitana) que me ayuden siendo muy proactivos, tenemos ya evidencia, al menos del municipio de Garc\u00eda, de delincuentes que provocaron los incendios, ah\u00ed nos pasaron los videos\u201d, expuso Samuel Garc\u00eda.<\/p>\n\n\n\n<p>\u201cNos pasaron el \u2018modus operandi\u2019; como con estacas ya ba\u00f1adas en gasolina, por un dinerito van y prenden un bald\u00edo\u201d, agreg\u00f3.<\/p>\n\n\n\n<p>El mandatario estatal dijo que uno de los implicados confes\u00f3 haber recibido como pago 300 pesos para provocar el incendio que gener\u00f3 cuantiosas p\u00e9rdidas en Garc\u00eda.<\/p>\n\n\n\n<p>\u201cYa tenemos p\u00e9rdidas econ\u00f3micas por 300 millones en Garc\u00eda, cinco empresas se quemaron, yo les pido ir por ellos todo el peso de la ley\u201d, dijo el mandatario.<\/p>\n\n\n\n<p>Advirti\u00f3 que los provocadores de incendios recibir\u00e1n todo el peso de la ley, por generar cuantiosos da\u00f1os materiales y por provocar el despliegue que puso en riesgo a decenas de bomberos y rescatistas.<\/p>\n\n\n\n<p>\u201cNo se vale, y es completamente imperdonable que esta gente por cualquier motivo econ\u00f3mico o pol\u00edtico pongan en peligro vidas\u201d, dijo Garc\u00eda.<\/p>\n\n\n\n<p>Las autoridades estatales informaron que durante la jornada m\u00e1s cr\u00edtica se reportaron 239 incendios en un lapso de 5 horas, de los cuales tres siguen activos, pero bajo control.<\/p>\n\n\n\n<p>Adem\u00e1s de los da\u00f1os provocados en varias empresas, la racha de incendios provoc\u00f3 una calidad del aire extremadamente mala en gran parte de la zona metropolitana de Nuevo Le\u00f3n.<\/p>\n\n\n\n<p>Al arranque de la jornada, algunas estaciones como la ubicada en el municipio de Santa Catarina se encontraban en color morado, es decir con calidad del aire extremadamente mala; otras estaciones mostraban muy mala calidad.<\/p>\n\n\n\n<p>La contingencia ambiental fue activada desde el martes, por parte de la Secretar\u00eda de Medio Ambiente de Nuevo Le\u00f3n, que implica la reducci\u00f3n de trabajos por parte de las Industrias as\u00ed como la suspensi\u00f3n de actividades al aire libre en planteles escolares y clubes deportivos; no obstante, la contingencia ambiental fue reiterada ayer por la tarde.<\/p>\n\n\n\n<p>(Informaci\u00f3n de \u201cEl Financiero\u201d)<\/p>\n","protected":false},"excerpt":{"rendered":"<p>Redacci\u00f3n\/Zona Roja Cdmx. Ciudad de M\u00e9xico, a 6 de mayo de 2025.- Los incendios \u2018acechan\u2019&hellip;<\/p>\n","protected":false},"author":2,"featured_media":78170,"comment_status":"closed","ping_status":"open","sticky":false,"template":"","format":"standard","meta":{"_lmt_disableupdate":"","_lmt_disable":"","_jetpack_memberships_contains_paid_content":false,"footnotes":""},"categories":[109,47],"tags":[3890],"class_list":["post-78169","post","type-post","status-publish","format-standard","has-post-thumbnail","hentry","category-minuto-a-minuto","category-zona-gris","tag-incendios-forestales-en-mexico"],"jetpack_featured_media_url":"https:\/\/zonaroja.com.mx\/wp-content\/uploads\/2025\/03\/Incendios-forestales-Nuevo-Leon.jpg","jetpack_sharing_enabled":true,"_links":{"self":[{"href":"https:\/\/zonaroja.com.mx\/index.php?rest_route=\/wp\/v2\/posts\/78169","targetHints":{"allow":["GET"]}}],"collection":[{"href":"https:\/\/zonaroja.com.mx\/index.php?rest_route=\/wp\/v2\/posts"}],"about":[{"href":"https:\/\/zonaroja.com.mx\/index.php?rest_route=\/wp\/v2\/types\/post"}],"author":[{"embeddable":true,"href":"https:\/\/zonaroja.com.mx\/index.php?rest_route=\/wp\/v2\/users\/2"}],"replies":[{"embeddable":true,"href":"https:\/\/zonaroja.com.mx\/index.php?rest_route=%2Fwp%2Fv2%2Fcomments&post=78169"}],"version-history":[{"count":1,"href":"https:\/\/zonaroja.com.mx\/index.php?rest_route=\/wp\/v2\/posts\/78169\/revisions"}],"predecessor-version":[{"id":78171,"href":"https:\/\/zonaroja.com.mx\/index.php?rest_route=\/wp\/v2\/posts\/78169\/revisions\/78171"}],"wp:featuredmedia":[{"embeddable":true,"href":"https:\/\/zonaroja.com.mx\/index.php?rest_route=\/wp\/v2\/media\/78170"}],"wp:attachment":[{"href":"https:\/\/zonaroja.com.mx\/index.php?rest_route=%2Fwp%2Fv2%2Fmedia&parent=78169"}],"wp:term":[{"taxonomy":"category","embeddable":true,"href":"https:\/\/zonaroja.com.mx\/index.php?rest_route=%2Fwp%2Fv2%2Fcategories&post=78169"},{"taxonomy":"post_tag","embeddable":true,"href":"https:\/\/zonaroja.com.mx\/index.php?rest_route=%2Fwp%2Fv2%2Ftags&post=78169"}],"curies":[{"name":"wp","href":"https:\/\/api.w.org\/{rel}","templated":true}]}}