{"id":78178,"date":"2025-03-06T17:44:00","date_gmt":"2025-03-06T23:44:00","guid":{"rendered":"https:\/\/zonaroja.com.mx\/?p=78178"},"modified":"2025-03-06T16:45:51","modified_gmt":"2025-03-06T22:45:51","slug":"tras-llamada-con-sheinbaum-pausa-trump-aumento-a-aranceles-tambien-con-canada","status":"publish","type":"post","link":"https:\/\/zonaroja.com.mx\/?p=78178","title":{"rendered":"Tras llamada con Sheinbaum, pausa Trump aumento a aranceles; tambi\u00e9n con Canad\u00e1"},"content":{"rendered":"\n<p>Redacci\u00f3n\/Zona Roja Cdmx.<\/p>\n\n\n\n<p>Ciudad de M\u00e9xico, a 6 de marzo de 2025.- El presidente de Estados Unidos, Donald Trump, anunci\u00f3 este jueves una pausa hasta el 2 de abril de los aranceles del 25 por ciento a M\u00e9xico para los productos cubiertos por el acuerdo de libre comercio T-MEC.<\/p>\n\n\n\n<p>Trump anunci\u00f3 su decisi\u00f3n tras conversar esta ma\u00f1ana con la presidenta mexicana, Claudia Sheinbaum.<\/p>\n\n\n\n<p>\u201cDespu\u00e9s de hablar con la presidenta Claudia Sheinbaum de M\u00e9xico, hemos acordado que M\u00e9xico no tendr\u00e1 que pagar aranceles sobre cualquier cosa que est\u00e9 bajo el acuerdo T-MEC. Esto ser\u00e1 v\u00e1lido hasta el 2 de abril\u201d, anunci\u00f3 Trump en su red social, Truth Social.<\/p>\n\n\n\n<p>\u201cLo hago como una medida de cortes\u00eda y por respeto a la presidenta Sheinbaum. Nuestra relaci\u00f3n ha sido muy buena y estamos trabajando arduamente, juntos, en la frontera, tanto en t\u00e9rminos de detener la entrada ilegal de extranjeros a Estados Unidos como en la lucha contra el fentanilo\u201d, a\u00f1adi\u00f3.<\/p>\n\n\n\n<p>Trump, finalmente, dio las gracias a Sheinbaum \u201cpor su arduo trabajo y cooperaci\u00f3n\u201d.<\/p>\n\n\n\n<p>Canad\u00e1 no se queda atr\u00e1s y tambi\u00e9n obtiene una pausa de un mes en la aplicaci\u00f3n de aranceles a los productos incluidos en el tratado de libre comercio que integra con Estados Unidos y M\u00e9xico, esto luego de que el presidente Donald Trump hablara con la mandataria mexicana, Claudia Sheinbaum, y llegar\u00e1n a este acuerdo.<\/p>\n\n\n\n<p>Trump hizo el anuncio en el Despacho Oval de la Casa Blanca, horas despu\u00e9s de haber tomado la misma decisi\u00f3n para los bienes de M\u00e9xico cubiertos por el T-MEC, tras conversar esta ma\u00f1ana con la presidenta mexicana, Claudia Sheinbaum.<\/p>\n\n\n\n<p>El presidente de Estados Unidos, Donald Trump, impuso el pasado martes, 4 de marzo, aranceles del 25 por ciento a las importaciones procedentes de Canad\u00e1 y M\u00e9xico.<\/p>\n\n\n\n<p>Sin embargo, un d\u00eda despu\u00e9s, la Casa Blanca anunci\u00f3 una pausa durante un mes de los aranceles sobre autom\u00f3viles y partes fabricados en M\u00e9xico y Canad\u00e1 despu\u00e9s de que Trump hablara con los tres mayores fabricantes estadounidenses -General Motors, Ford, and Stellantis- que ensamblan veh\u00edculos en los dos pa\u00edses vecinos.<\/p>\n\n\n\n<p>Adem\u00e1s, anuncio una exenci\u00f3n a los productos agr\u00edcolas que compra de M\u00e9xico y Canad\u00e1.<\/p>\n","protected":false},"excerpt":{"rendered":"<p>Redacci\u00f3n\/Zona Roja Cdmx. Ciudad de M\u00e9xico, a 6 de marzo de 2025.- El presidente de&hellip;<\/p>\n","protected":false},"author":2,"featured_media":78079,"comment_status":"closed","ping_status":"open","sticky":false,"template":"","format":"standard","meta":{"_lmt_disableupdate":"","_lmt_disable":"","_jetpack_memberships_contains_paid_content":false,"footnotes":""},"categories":[109,46],"tags":[],"class_list":["post-78178","post","type-post","status-publish","format-standard","has-post-thumbnail","hentry","category-minuto-a-minuto","category-zona-blanca"],"jetpack_featured_media_url":"https:\/\/zonaroja.com.mx\/wp-content\/uploads\/2025\/03\/Exportaciones-Mexico-EU.jpg","jetpack_sharing_enabled":true,"_links":{"self":[{"href":"https:\/\/zonaroja.com.mx\/index.php?rest_route=\/wp\/v2\/posts\/78178","targetHints":{"allow":["GET"]}}],"collection":[{"href":"https:\/\/zonaroja.com.mx\/index.php?rest_route=\/wp\/v2\/posts"}],"about":[{"href":"https:\/\/zonaroja.com.mx\/index.php?rest_route=\/wp\/v2\/types\/post"}],"author":[{"embeddable":true,"href":"https:\/\/zonaroja.com.mx\/index.php?rest_route=\/wp\/v2\/users\/2"}],"replies":[{"embeddable":true,"href":"https:\/\/zonaroja.com.mx\/index.php?rest_route=%2Fwp%2Fv2%2Fcomments&post=78178"}],"version-history":[{"count":1,"href":"https:\/\/zonaroja.com.mx\/index.php?rest_route=\/wp\/v2\/posts\/78178\/revisions"}],"predecessor-version":[{"id":78179,"href":"https:\/\/zonaroja.com.mx\/index.php?rest_route=\/wp\/v2\/posts\/78178\/revisions\/78179"}],"wp:featuredmedia":[{"embeddable":true,"href":"https:\/\/zonaroja.com.mx\/index.php?rest_route=\/wp\/v2\/media\/78079"}],"wp:attachment":[{"href":"https:\/\/zonaroja.com.mx\/index.php?rest_route=%2Fwp%2Fv2%2Fmedia&parent=78178"}],"wp:term":[{"taxonomy":"category","embeddable":true,"href":"https:\/\/zonaroja.com.mx\/index.php?rest_route=%2Fwp%2Fv2%2Fcategories&post=78178"},{"taxonomy":"post_tag","embeddable":true,"href":"https:\/\/zonaroja.com.mx\/index.php?rest_route=%2Fwp%2Fv2%2Ftags&post=78178"}],"curies":[{"name":"wp","href":"https:\/\/api.w.org\/{rel}","templated":true}]}}