{"id":78180,"date":"2025-03-08T12:15:00","date_gmt":"2025-03-08T18:15:00","guid":{"rendered":"https:\/\/zonaroja.com.mx\/?p=78180"},"modified":"2025-03-08T06:43:16","modified_gmt":"2025-03-08T12:43:16","slug":"pide-diputado-rehabilitacion-de-carreteras-en-la-mixteca","status":"publish","type":"post","link":"https:\/\/zonaroja.com.mx\/?p=78180","title":{"rendered":"Pide diputado rehabilitaci\u00f3n de carreteras en la Mixteca"},"content":{"rendered":"\n<p>Oaxaca de Ju\u00e1rez, Oax., a 7 de marzo de 2025.-\u00a0 El diputado Israel L\u00f3pez S\u00e1nchez, del Grupo Parlamentario de Morena, present\u00f3 un punto de acuerdo de urgente y obvia resoluci\u00f3n, misma que fue aprobado, por el cual se exhorta a la Secretar\u00eda de Infraestructura, Comunicaciones y Transportes del Gobierno Federal, Delegaci\u00f3n Oaxaca para que sean considerados en la reconstrucci\u00f3n y mantenimiento dentro del \u201cPrograma Carretero Estado de Oaxaca\u201d de la regi\u00f3n de la Mixteca los tramos carreteros:\u00a0<\/p>\n\n\n\n<p>La carretera federal 125, el tramo de Yucudaa a la Heroica Ciudad de Tlaxiaco-entronque carretera El Carrizal dado que la carretera que viene de Juxtlahuaca -Putla de Guerrero; esta es una v\u00eda principal que conecta la Costa chica con la regi\u00f3n mixteca, el centro del pa\u00eds y del estado.<\/p>\n\n\n\n<p>As\u00ed como las carreteras alimentadoras en los tramos siguientes: Heroica Ciudad de Tlaxiaco-Chalcatongo de Hidalgo a Santiago Yosondua; la Heroica Ciudad de Tlaxiaco-al municipio de San Miguel el Grande llegando a Santa Cruz Itundujia; el tramo Ojite Cuauht\u00e9moc-San Esteban Atatlahuca, llegando a Santa Lucia Monteverde; R\u00edo Ocotepec-Santo Tom\u00e1s Ocotepec, llegando al municipio de Santa Mar\u00eda Yucuhiti; entronque Boca del Perro-Santa Catarina Tayata-San Miguel Achiutla llegando a San Juan Te\u00edta.<\/p>\n\n\n\n<p>\u201cPor fin tenemos un gobierno que escucha, por ello hacemos este exhorto a los responsables de la ejecuci\u00f3n del programa carretero anunciado, para que no se olviden de nuestras comunidades\u201d, dijo el diputado mixteco. &nbsp;<\/p>\n\n\n\n<p>\u201cNuestra gente tiene la necesidad de transitar por estas v\u00edas, al mejorar la comunicaci\u00f3n de nuestros pueblos, se detonar\u00e1 el desarrollo econ\u00f3mico\u201d, finaliz\u00f3 Israel L\u00f3pez.<\/p>\n","protected":false},"excerpt":{"rendered":"<p>Oaxaca de Ju\u00e1rez, Oax., a 7 de marzo de 2025.-\u00a0 El diputado Israel L\u00f3pez S\u00e1nchez,&hellip;<\/p>\n","protected":false},"author":2,"featured_media":78181,"comment_status":"closed","ping_status":"open","sticky":false,"template":"","format":"standard","meta":{"_lmt_disableupdate":"","_lmt_disable":"","_jetpack_memberships_contains_paid_content":false,"footnotes":""},"categories":[109,46],"tags":[4127],"class_list":["post-78180","post","type-post","status-publish","format-standard","has-post-thumbnail","hentry","category-minuto-a-minuto","category-zona-blanca","tag-israel-lopez-sanchez"],"jetpack_featured_media_url":"https:\/\/zonaroja.com.mx\/wp-content\/uploads\/2025\/03\/Israel-Lopez-Sanchez-1.jpeg","jetpack_sharing_enabled":true,"_links":{"self":[{"href":"https:\/\/zonaroja.com.mx\/index.php?rest_route=\/wp\/v2\/posts\/78180","targetHints":{"allow":["GET"]}}],"collection":[{"href":"https:\/\/zonaroja.com.mx\/index.php?rest_route=\/wp\/v2\/posts"}],"about":[{"href":"https:\/\/zonaroja.com.mx\/index.php?rest_route=\/wp\/v2\/types\/post"}],"author":[{"embeddable":true,"href":"https:\/\/zonaroja.com.mx\/index.php?rest_route=\/wp\/v2\/users\/2"}],"replies":[{"embeddable":true,"href":"https:\/\/zonaroja.com.mx\/index.php?rest_route=%2Fwp%2Fv2%2Fcomments&post=78180"}],"version-history":[{"count":2,"href":"https:\/\/zonaroja.com.mx\/index.php?rest_route=\/wp\/v2\/posts\/78180\/revisions"}],"predecessor-version":[{"id":78186,"href":"https:\/\/zonaroja.com.mx\/index.php?rest_route=\/wp\/v2\/posts\/78180\/revisions\/78186"}],"wp:featuredmedia":[{"embeddable":true,"href":"https:\/\/zonaroja.com.mx\/index.php?rest_route=\/wp\/v2\/media\/78181"}],"wp:attachment":[{"href":"https:\/\/zonaroja.com.mx\/index.php?rest_route=%2Fwp%2Fv2%2Fmedia&parent=78180"}],"wp:term":[{"taxonomy":"category","embeddable":true,"href":"https:\/\/zonaroja.com.mx\/index.php?rest_route=%2Fwp%2Fv2%2Fcategories&post=78180"},{"taxonomy":"post_tag","embeddable":true,"href":"https:\/\/zonaroja.com.mx\/index.php?rest_route=%2Fwp%2Fv2%2Ftags&post=78180"}],"curies":[{"name":"wp","href":"https:\/\/api.w.org\/{rel}","templated":true}]}}