{"id":78187,"date":"2025-03-07T07:15:00","date_gmt":"2025-03-07T13:15:00","guid":{"rendered":"https:\/\/zonaroja.com.mx\/?p=78187"},"modified":"2025-03-07T06:00:52","modified_gmt":"2025-03-07T12:00:52","slug":"acuerdan-oaxaca-y-dinamarca-impulsar-diversos-proyectos-estrategicos","status":"publish","type":"post","link":"https:\/\/zonaroja.com.mx\/?p=78187","title":{"rendered":"Acuerdan Oaxaca y Dinamarca impulsar diversos proyectos estrat\u00e9gicos\u00a0"},"content":{"rendered":"\n<p>Redacci\u00f3n\/Zona Roja.&nbsp;<\/p>\n\n\n\n<p>Oaxaca de Ju\u00e1rez, Oax., a 7 de marzo de 2025.- Representantes del gobierno de Dinamarca y de Oaxaca acordaron impulsar una serie de proyectos estrat\u00e9gicos para esta entidad.<\/p>\n\n\n\n<p>En el Palacio de Gobierno, el mandatario Salom\u00f3n Jara Cruz se reuni\u00f3 con representantes de dicho pa\u00eds, encabezados por el presidente del Parlamento, S\u00f8ren Gade, con el objetivo de explorar \u00e1reas potenciales de cooperaci\u00f3n.<\/p>\n\n\n\n<p>\u201cEn Oaxaca estamos viviendo un momento hist\u00f3rico de crecimiento econ\u00f3mico y nos consolidamos como uno de los lugares m\u00e1s atractivos para la inversi\u00f3n en los pr\u00f3ximos 50 a\u00f1os\u201d, afirm\u00f3 Jara Cruz.<\/p>\n\n\n\n<p>Este acercamiento que se enmarca en el Memor\u00e1ndum de Entendimiento entre la Secretar\u00eda de Desarrollo Econ\u00f3mico de Oaxaca y la Embajada de Dinamarca en M\u00e9xico, signado el 11 de noviembre de 2024, en la Ciudad de M\u00e9xico.<\/p>\n\n\n\n<p>Este documento acord\u00f3 la cooperaci\u00f3n en \u00e1reas de comercio, inversiones, sustentabilidad, energ\u00eda renovable, salud, sector agropecuario y medio ambiente, con el objetivo de impulsar proyectos estrat\u00e9gicos de desarrollo en la regi\u00f3n.&nbsp;<\/p>\n\n\n\n<p>Toda vez que en los \u00faltimos cuatro a\u00f1os, M\u00e9xico y Dinamarca han fortalecido su relaci\u00f3n bilateral a trav\u00e9s de diversos acuerdos y colaboraciones en \u00e1reas clave como salud, energ\u00eda, agricultura y pol\u00edtica multilateral.<\/p>\n\n\n\n<p>De esta manera, el Gobernador del Estado reafirm\u00f3 la voluntad de cooperaci\u00f3n, toda vez que Oaxaca cuenta con recursos naturales y culturales con alto potencial; en tanto, Dinamarca aporta tecnolog\u00eda, experiencia y modelos de gesti\u00f3n eficientes.<\/p>\n\n\n\n<p>\u201cEl Gobierno de Oaxaca reafirma su compromiso con la consolidaci\u00f3n de alianzas estrat\u00e9gicas que impulsen el desarrollo sustentable y fortalezcan el crecimiento econ\u00f3mico con una visi\u00f3n de futuro\u201d, dijo.<\/p>\n\n\n\n<p>Para materializar las \u00e1reas de cooperaci\u00f3n, el gobierno de Oaxaca present\u00f3 una hoja de ruta estructurada en cinco fases: Fortalecimiento institucional y planificaci\u00f3n estrat\u00e9gica; Implementaci\u00f3n de proyectos piloto y atracci\u00f3n de inversi\u00f3n: Evaluaci\u00f3n, ajustes y expansi\u00f3n; Consolidaci\u00f3n de la cooperaci\u00f3n a largo plazo; e Internacionalizaci\u00f3n y nuevas oportunidades de cooperaci\u00f3n.<\/p>\n\n\n\n<p>En este marco se destac\u00f3 la complementariedad de los sectores estrat\u00e9gicos. Al se\u00f1alar que Oaxaca cuenta con el mayor potencial e\u00f3lico en Am\u00e9rica Latina en el Istmo de Tehuantepec, la hace viable para el intercambio de tecnolog\u00eda y financiamiento para proyectos sustentables con Dinamarca, que es l\u00edder mundial en energ\u00eda e\u00f3lica, y ha desarrollado tecnolog\u00edas avanzadas para la generaci\u00f3n, almacenamiento y distribuci\u00f3n de energ\u00eda limpia.<\/p>\n\n\n\n<p>Tambi\u00e9n se abord\u00f3 una trazabilidad agroalimentaria que incluye biotecnolog\u00eda, manejo eficiente del agua y sistemas de producci\u00f3n org\u00e1nica de alimentos con alto valor agregado, mediante una agricultura sustentable. Como parte de esta colaboraci\u00f3n tambi\u00e9n se busca la transferencia de conocimiento y asesor\u00eda t\u00e9cnica para cumplir con regulaciones que permitan abrir nuevos mercados.<\/p>\n\n\n\n<p>En Tecnolog\u00edas de informaci\u00f3n y digitalizaci\u00f3n gubernamental, la implementaci\u00f3n de sistemas eficientes para tr\u00e1mites administrativos, facilitar\u00e1 la inversi\u00f3n y la competitividad.<\/p>\n\n\n\n<p>Entre otros aspectos de cooperaci\u00f3n destaca la gesti\u00f3n del agua y tratamiento de residuos con la implementaci\u00f3n de modelos de econom\u00eda circular, para el aprovechamiento de residuos para energ\u00eda o compostaje.<\/p>\n\n\n\n<p>As\u00ed como el fortalecimiento de un turismo con el desarrollo de experiencias sostenibles, al ser naciones con modelos de bajo impacto ambiental y respeto a las comunidades locales.<\/p>\n","protected":false},"excerpt":{"rendered":"<p>Redacci\u00f3n\/Zona Roja.&nbsp; Oaxaca de Ju\u00e1rez, Oax., a 7 de marzo de 2025.- Representantes del gobierno&hellip;<\/p>\n","protected":false},"author":2,"featured_media":78188,"comment_status":"closed","ping_status":"open","sticky":false,"template":"","format":"standard","meta":{"_lmt_disableupdate":"","_lmt_disable":"","_jetpack_memberships_contains_paid_content":false,"footnotes":""},"categories":[109,46],"tags":[939],"class_list":["post-78187","post","type-post","status-publish","format-standard","has-post-thumbnail","hentry","category-minuto-a-minuto","category-zona-blanca","tag-salomon-jara-cruz"],"jetpack_featured_media_url":"https:\/\/zonaroja.com.mx\/wp-content\/uploads\/2025\/03\/GOBERNADOR-DELEGACION-DINAMARCA-2.jpg","jetpack_sharing_enabled":true,"_links":{"self":[{"href":"https:\/\/zonaroja.com.mx\/index.php?rest_route=\/wp\/v2\/posts\/78187","targetHints":{"allow":["GET"]}}],"collection":[{"href":"https:\/\/zonaroja.com.mx\/index.php?rest_route=\/wp\/v2\/posts"}],"about":[{"href":"https:\/\/zonaroja.com.mx\/index.php?rest_route=\/wp\/v2\/types\/post"}],"author":[{"embeddable":true,"href":"https:\/\/zonaroja.com.mx\/index.php?rest_route=\/wp\/v2\/users\/2"}],"replies":[{"embeddable":true,"href":"https:\/\/zonaroja.com.mx\/index.php?rest_route=%2Fwp%2Fv2%2Fcomments&post=78187"}],"version-history":[{"count":1,"href":"https:\/\/zonaroja.com.mx\/index.php?rest_route=\/wp\/v2\/posts\/78187\/revisions"}],"predecessor-version":[{"id":78189,"href":"https:\/\/zonaroja.com.mx\/index.php?rest_route=\/wp\/v2\/posts\/78187\/revisions\/78189"}],"wp:featuredmedia":[{"embeddable":true,"href":"https:\/\/zonaroja.com.mx\/index.php?rest_route=\/wp\/v2\/media\/78188"}],"wp:attachment":[{"href":"https:\/\/zonaroja.com.mx\/index.php?rest_route=%2Fwp%2Fv2%2Fmedia&parent=78187"}],"wp:term":[{"taxonomy":"category","embeddable":true,"href":"https:\/\/zonaroja.com.mx\/index.php?rest_route=%2Fwp%2Fv2%2Fcategories&post=78187"},{"taxonomy":"post_tag","embeddable":true,"href":"https:\/\/zonaroja.com.mx\/index.php?rest_route=%2Fwp%2Fv2%2Ftags&post=78187"}],"curies":[{"name":"wp","href":"https:\/\/api.w.org\/{rel}","templated":true}]}}