{"id":78190,"date":"2025-03-07T09:15:00","date_gmt":"2025-03-07T15:15:00","guid":{"rendered":"https:\/\/zonaroja.com.mx\/?p=78190"},"modified":"2025-03-07T06:46:12","modified_gmt":"2025-03-07T12:46:12","slug":"registra-oaxaca-tres-ataques-armados-la-noche-del-jueves","status":"publish","type":"post","link":"https:\/\/zonaroja.com.mx\/?p=78190","title":{"rendered":"Registra Oaxaca tres ataques armados, la noche del jueves"},"content":{"rendered":"\n<p>Raymundo Morales\/Zona Roja.<\/p>\n\n\n\n<p>Oaxaca de Ju\u00e1rez, Oax., a 7 de marzo de 2025.- Al menos tres ataques armados se registraron anoche, en las regiones Valles Centrales e Istmo de Tehuantepec, con saldo de igual n\u00famero de lesionados.<\/p>\n\n\n\n<p>En San Antonio de la Cal, municipio conurbado a la ciudad de Oaxaca, ocurri\u00f3 una de las agresiones, a la altura del puente de piedra de acceso a dicha localidad, donde param\u00e9dicos atendieron a un lesionado y lo llevaron a un hospital.<\/p>\n\n\n\n<p>La v\u00edctima a\u00fan no ha sido identificada y el o los agresores huyeron de la zona; polic\u00edas efectuaron recorridos de b\u00fasqueda, sin \u00e9xito.<\/p>\n\n\n\n<p>Otro ataque ocurri\u00f3 tambi\u00e9n anoche pero en el municipio de Salina Cruz, donde hirieron de bala a un individuo, cuando transitaba en su unidad de motor por la calle colonia Hidalgo Oriente.<\/p>\n\n\n\n<p>Personal param\u00e9dico de la Comisi\u00f3n Nacional de Emergencias (CNE) atendieron a la v\u00edctima y lo trasladaron a un hospital, donde a\u00fan convalece.<\/p>\n\n\n\n<p>Por otra parte, en Trinidad de Viguera, agencia municipal de Oaxaca de Ju\u00e1rez, se registro un ataque armado, donde result\u00f3 lesionado Oswaldo L. V., quien fue llevado a un hospital por personal de socorro del organismo CRUM.<\/p>\n\n\n\n<p>La herida fue en el brazo y el hombre fue trasladado al hospital civil \u201cDr. Aurelio Valdivieso de la capital. De todos los casos, no hay personas detenidas.<\/p>\n","protected":false},"excerpt":{"rendered":"<p>Raymundo Morales\/Zona Roja. Oaxaca de Ju\u00e1rez, Oax., a 7 de marzo de 2025.- Al menos&hellip;<\/p>\n","protected":false},"author":2,"featured_media":78191,"comment_status":"closed","ping_status":"open","sticky":false,"template":"","format":"standard","meta":{"_lmt_disableupdate":"","_lmt_disable":"","_jetpack_memberships_contains_paid_content":false,"footnotes":""},"categories":[109,47],"tags":[],"class_list":["post-78190","post","type-post","status-publish","format-standard","has-post-thumbnail","hentry","category-minuto-a-minuto","category-zona-gris"],"jetpack_featured_media_url":"https:\/\/zonaroja.com.mx\/wp-content\/uploads\/2025\/03\/Ataque-armado-San-Antonio-de-la-Cal.jpg","jetpack_sharing_enabled":true,"_links":{"self":[{"href":"https:\/\/zonaroja.com.mx\/index.php?rest_route=\/wp\/v2\/posts\/78190","targetHints":{"allow":["GET"]}}],"collection":[{"href":"https:\/\/zonaroja.com.mx\/index.php?rest_route=\/wp\/v2\/posts"}],"about":[{"href":"https:\/\/zonaroja.com.mx\/index.php?rest_route=\/wp\/v2\/types\/post"}],"author":[{"embeddable":true,"href":"https:\/\/zonaroja.com.mx\/index.php?rest_route=\/wp\/v2\/users\/2"}],"replies":[{"embeddable":true,"href":"https:\/\/zonaroja.com.mx\/index.php?rest_route=%2Fwp%2Fv2%2Fcomments&post=78190"}],"version-history":[{"count":1,"href":"https:\/\/zonaroja.com.mx\/index.php?rest_route=\/wp\/v2\/posts\/78190\/revisions"}],"predecessor-version":[{"id":78192,"href":"https:\/\/zonaroja.com.mx\/index.php?rest_route=\/wp\/v2\/posts\/78190\/revisions\/78192"}],"wp:featuredmedia":[{"embeddable":true,"href":"https:\/\/zonaroja.com.mx\/index.php?rest_route=\/wp\/v2\/media\/78191"}],"wp:attachment":[{"href":"https:\/\/zonaroja.com.mx\/index.php?rest_route=%2Fwp%2Fv2%2Fmedia&parent=78190"}],"wp:term":[{"taxonomy":"category","embeddable":true,"href":"https:\/\/zonaroja.com.mx\/index.php?rest_route=%2Fwp%2Fv2%2Fcategories&post=78190"},{"taxonomy":"post_tag","embeddable":true,"href":"https:\/\/zonaroja.com.mx\/index.php?rest_route=%2Fwp%2Fv2%2Ftags&post=78190"}],"curies":[{"name":"wp","href":"https:\/\/api.w.org\/{rel}","templated":true}]}}