{"id":78193,"date":"2025-03-07T10:30:00","date_gmt":"2025-03-07T16:30:00","guid":{"rendered":"https:\/\/zonaroja.com.mx\/?p=78193"},"modified":"2025-03-07T06:56:32","modified_gmt":"2025-03-07T12:56:32","slug":"identifican-a-6-jovenes-que-desaparecieron-en-huatulco-y-fueron-asesinados","status":"publish","type":"post","link":"https:\/\/zonaroja.com.mx\/?p=78193","title":{"rendered":"Identifican a 6 j\u00f3venes que desaparecieron en Huatulco y fueron asesinados"},"content":{"rendered":"\n<p>Redacci\u00f3n\/Zona Roja Cdmx.<\/p>\n\n\n\n<p>Ciudad de M\u00e9xico, a 7 de marzo de 2025.-&nbsp;De los ocho cuerpos desmembrados encontrados en Puebla, seis de ellos ya fueron identificados y corresponden a los j\u00f3venes desaparecidos tras visitar la costa de Oaxaca, inform\u00f3 el reportero de Tlaxcala, Diego Mena, para Azucena Uresti en Radio F\u00f3rmula.<\/p>\n\n\n\n<p>En el noticiero, el reportero detall\u00f3 que los cuerpos fueron entregados a sus familiares y algunos ya fueron sepultados este mi\u00e9rcoles.<\/p>\n\n\n\n<p>\u00abSe trata de los cuerpos de Rolando \u2018N\u2019, Tony \u2018N\u2019, Leslie \u2018N\u2019 y una m\u00e1s, quienes fueron enterrados en campos santos de Yauhquemehcan y Apizaco. Angi &#8216;N&#8217; ser\u00e1 sepultada hoy por la tarde\u00bb, detall\u00f3 el periodista.<\/p>\n\n\n\n<p>Una persona sobrevivi\u00f3 a este suceso y es identificada como Brenda. \u00abElla se\u00f1al\u00f3 a personas con vestimenta de polic\u00eda en Huatulco quienes aparentemente los habr\u00edan privado de su libertad\u00bb.<\/p>\n\n\n\n<p>\u00abLa Fiscal\u00eda General de Puebla hablaba sobre la identificaci\u00f3n de seis cuerpos que fueron hallados en un veh\u00edculo, que contaban con ficha de no localizaci\u00f3n. Se iniciaron con procedimientos para entregar los restos mortales. Faltar\u00eda por identificar a dos cuerpos\u00bb, a\u00f1adi\u00f3 Diego para Azucena Uresti.<\/p>\n\n\n\n<p>El hallazgo ocurri\u00f3 cuando agentes de la Guardia Nacional cumpl\u00edan un recorrido de vigilancia en el kil\u00f3metro 83 de la autopista Cuacnopalan-Oaxaca, en el municipio de San Jos\u00e9 Miahuatl\u00e1n, en los l\u00edmites de Puebla y Oaxaca, donde encontraron un veh\u00edculo abandonado y a unos metros una lona llena de sangre que cubr\u00eda varios cuerpos desmembrados.<\/p>\n\n\n\n<p>Nueve j\u00f3venes hab\u00edan sido reportados como desaparecidos desde el pasado 27 de febrero cuando viajaron a playas del estado de Oaxaca. Eran estudiantes y originarios del estado de Tlaxcala.<\/p>\n\n\n\n<p>La Fiscal\u00eda General del Estado de Oaxaca investiga si existe alg\u00fan nivel de involucramiento de elementos de polic\u00edas municipales, en el caso de cuatro personas reportadas como no localizadas, originarias de Tlaxcala, quienes fueron vistas por \u00faltima vez en la regi\u00f3n de la Costa.<\/p>\n\n\n\n<p>\u201cTras recibir dos denuncias por la no localizaci\u00f3n de cuatro personas originarias del estado de Tlaxcala, la Fiscal\u00eda de Oaxaca inici\u00f3 las investigaciones por el delito de desaparici\u00f3n cometida por particulares\u201d, detallaron.<\/p>\n\n\n\n<p>(Informaci\u00f3n de Radio F\u00f3rmula)<\/p>\n","protected":false},"excerpt":{"rendered":"<p>Redacci\u00f3n\/Zona Roja Cdmx. Ciudad de M\u00e9xico, a 7 de marzo de 2025.-&nbsp;De los ocho cuerpos&hellip;<\/p>\n","protected":false},"author":2,"featured_media":78195,"comment_status":"closed","ping_status":"open","sticky":false,"template":"","format":"standard","meta":{"_lmt_disableupdate":"","_lmt_disable":"","_jetpack_memberships_contains_paid_content":false,"footnotes":""},"categories":[109,47],"tags":[],"class_list":["post-78193","post","type-post","status-publish","format-standard","has-post-thumbnail","hentry","category-minuto-a-minuto","category-zona-gris"],"jetpack_featured_media_url":"https:\/\/zonaroja.com.mx\/wp-content\/uploads\/2025\/03\/Sepelio-ataud.jpg","jetpack_sharing_enabled":true,"_links":{"self":[{"href":"https:\/\/zonaroja.com.mx\/index.php?rest_route=\/wp\/v2\/posts\/78193","targetHints":{"allow":["GET"]}}],"collection":[{"href":"https:\/\/zonaroja.com.mx\/index.php?rest_route=\/wp\/v2\/posts"}],"about":[{"href":"https:\/\/zonaroja.com.mx\/index.php?rest_route=\/wp\/v2\/types\/post"}],"author":[{"embeddable":true,"href":"https:\/\/zonaroja.com.mx\/index.php?rest_route=\/wp\/v2\/users\/2"}],"replies":[{"embeddable":true,"href":"https:\/\/zonaroja.com.mx\/index.php?rest_route=%2Fwp%2Fv2%2Fcomments&post=78193"}],"version-history":[{"count":1,"href":"https:\/\/zonaroja.com.mx\/index.php?rest_route=\/wp\/v2\/posts\/78193\/revisions"}],"predecessor-version":[{"id":78196,"href":"https:\/\/zonaroja.com.mx\/index.php?rest_route=\/wp\/v2\/posts\/78193\/revisions\/78196"}],"wp:featuredmedia":[{"embeddable":true,"href":"https:\/\/zonaroja.com.mx\/index.php?rest_route=\/wp\/v2\/media\/78195"}],"wp:attachment":[{"href":"https:\/\/zonaroja.com.mx\/index.php?rest_route=%2Fwp%2Fv2%2Fmedia&parent=78193"}],"wp:term":[{"taxonomy":"category","embeddable":true,"href":"https:\/\/zonaroja.com.mx\/index.php?rest_route=%2Fwp%2Fv2%2Fcategories&post=78193"},{"taxonomy":"post_tag","embeddable":true,"href":"https:\/\/zonaroja.com.mx\/index.php?rest_route=%2Fwp%2Fv2%2Ftags&post=78193"}],"curies":[{"name":"wp","href":"https:\/\/api.w.org\/{rel}","templated":true}]}}