{"id":78197,"date":"2025-03-07T08:20:48","date_gmt":"2025-03-07T14:20:48","guid":{"rendered":"https:\/\/zonaroja.com.mx\/?p=78197"},"modified":"2025-03-07T08:20:50","modified_gmt":"2025-03-07T14:20:50","slug":"natalia-toledo-y-activistas-exigen-liberacion-de-una-joven-detenida-en-juchitan","status":"publish","type":"post","link":"https:\/\/zonaroja.com.mx\/?p=78197","title":{"rendered":"Natalia Toledo y activistas exigen liberaci\u00f3n de una joven detenida en Juchit\u00e1n"},"content":{"rendered":"\n<p>Ismael Garc\u00eda M.\/Zona Roja.<\/p>\n\n\n\n<p>Oaxaca de Ju\u00e1rez, Oax., a 7 de marzo de 2025.- La poeta Natalia Toledo y activistas de Oaxaca exigen la liberaci\u00f3n de la joven Diidxaz\u00e1 Garc\u00eda Jim\u00e9nez, detenida junto con otras dos personas del sexo masculino el pasado martes en Juchit\u00e1n de Zaragoza.<\/p>\n\n\n\n<p>\u201cConozco a Diidxaz\u00e1 desde ni\u00f1a, detenida injustamente antier en la noche, \u2018Di\u2019, como la conocemos, es una chava s\u00faper talentosa, que se dedica a rapear, a tatuar, y hacer murales; una chavita sensible, m\u00e1s bien t\u00edmida y buena persona.<\/p>\n\n\n\n<p>\u201cConozco a sus pap\u00e1s; su madre trabaj\u00f3 conmigo bordando mis huipiles y su padre es un pintor conocido de Juchit\u00e1n.&nbsp;<\/p>\n\n\n\n<p>\u201cAntier Di fue detenida junto con dos chavos, a los que presuntamente les encontraron un arma. \u00bfCu\u00e1l fue el error de Diidxaz\u00e1? Tatuar a uno de los chavos y aceptar un avent\u00f3n de Ixtepec a Juchit\u00e1n.&nbsp;<\/p>\n\n\n\n<p>Esta es la realidad del Istmo de Tehuantepec, \u00bfC\u00f3mo saber a qui\u00e9n tat\u00faas, si el istmo est\u00e1 infestado de delincuentes de todo tipo? Espero que se haga justicia y se aclare pronto este mal entendido\u201d, destac\u00f3 la hija del maestro Francisco Toledo en sus redes sociales.<\/p>\n\n\n\n<p>LAS DETENCIONES<\/p>\n\n\n\n<p>En un comunicado del mi\u00e9rcoles 5 de marzo, el Gobierno del Estado inform\u00f3:<\/p>\n\n\n\n<p>\u201cComo parte de las acciones estrat\u00e9gicas de combate al delito que realizan fuerzas de seguridad coordinadas en el Istmo de Tehuantepec, este martes se realiz\u00f3 la detenci\u00f3n de tres personas, dos hombres y una mujer, por la portaci\u00f3n ilegal de un arma de fuego calibre .40 con al menos 40 cartuchos y cuatro cargadores.<\/p>\n\n\n\n<p>\u201cLa Secretar\u00eda de Seguridad y Protecci\u00f3n Ciudadana (SSPC) detall\u00f3 que la intervenci\u00f3n tuvo lugar en la carretera local Ixtepec-Juchit\u00e1n, a la altura del paraje \u201cEl Pimpollo\u201d.<\/p>\n\n\n\n<p>Las personas detenidas fueron identificadas como J. A. G. F., J. M. A. T. y D. G. J. de 32, 41 y 21 a\u00f1os, respectivamente, mismos que llevaban consigo la referida arma de fuego, seis cartuchos de punta hueca y 34 de punta plana, al igual que cuatro cargadores met\u00e1licos.<\/p>\n\n\n\n<p>\u201cFinalmente, las personas detenidas, junto con un veh\u00edculo Renault Duster color guinda, fueron puestos a disposici\u00f3n de la Fiscal\u00eda General de la Rep\u00fablica (FGR) para los efectos legales correspondientes\u201d.<\/p>\n\n\n\n<p>LOS RECLAMOS<\/p>\n\n\n\n<p>\u201cDidxaz\u00e1 no es una delincuente, es una chica que fue a tatuar y le dieron un avent\u00f3n. Eso lo sabr\u00eda la Fiscal\u00eda si en verdad hiciera su trabajo e investigara siguiendo los protocolos y la polic\u00eda no hiciera detenciones arbitrarias basadas en prejuicios y discriminaci\u00f3n. Todos los operativos de la Polic\u00eda Estatal y municipal son fallidos as\u00ed como como el Estado mismo\u201d, expuso por su parte el colectivo Feministas Oaxaca<\/p>\n\n\n\n<p>A su vez, Shunaxi Mijangos, una joven istme\u00f1a amiga de la detenida, expuso:<\/p>\n\n\n\n<p>\u201cDidxaza es una hermana muy talentosa, inteligente y de noble coraz\u00f3n, quienes la conocemos sabemos que ella no se involucra con ese tipo de sucesos, ella estaba en el lugar equivocado, con personas equivocadas.&nbsp;<\/p>\n\n\n\n<p>\u201cMi hermana solamente iba a tatuar a esas personas, ella vive conmigo y estaba con ella horas antes de todo lo ocurrido, hay pruebas c\u00e1maras y hasta testigos que ella estaba con nosotros horas antes y que solamente cumpl\u00eda con su trabajo de tatuar a esas personas.&nbsp;<\/p>\n\n\n\n<p>\u201cNo es justo lo que esta pasando, pido justicia y respeto por ella. Las apariencias enga\u00f1an y no por estar tatuada es una persona mala, lastimosamente la sociedad est\u00e1 bajo influencias de muchos estereotipos, no hay que juzgar si conocer la verdadera raz\u00f3n\u201d.<\/p>\n\n\n\n<p>Organismos como Consorcio Oaxaca, a trav\u00e9s de Y\u00e9sica S\u00e1nchez Maya, se ha pronunciado al respecto.<\/p>\n","protected":false},"excerpt":{"rendered":"<p>Ismael Garc\u00eda M.\/Zona Roja. Oaxaca de Ju\u00e1rez, Oax., a 7 de marzo de 2025.- La&hellip;<\/p>\n","protected":false},"author":2,"featured_media":78199,"comment_status":"closed","ping_status":"open","sticky":false,"template":"","format":"standard","meta":{"_lmt_disableupdate":"","_lmt_disable":"","_jetpack_memberships_contains_paid_content":false,"footnotes":""},"categories":[109,47],"tags":[4238],"class_list":["post-78197","post","type-post","status-publish","format-standard","has-post-thumbnail","hentry","category-minuto-a-minuto","category-zona-gris","tag-diidxaza-garcia-jimenez"],"jetpack_featured_media_url":"https:\/\/zonaroja.com.mx\/wp-content\/uploads\/2025\/03\/Diiddxaza-Garcia-Jimenez.jpg","jetpack_sharing_enabled":true,"_links":{"self":[{"href":"https:\/\/zonaroja.com.mx\/index.php?rest_route=\/wp\/v2\/posts\/78197","targetHints":{"allow":["GET"]}}],"collection":[{"href":"https:\/\/zonaroja.com.mx\/index.php?rest_route=\/wp\/v2\/posts"}],"about":[{"href":"https:\/\/zonaroja.com.mx\/index.php?rest_route=\/wp\/v2\/types\/post"}],"author":[{"embeddable":true,"href":"https:\/\/zonaroja.com.mx\/index.php?rest_route=\/wp\/v2\/users\/2"}],"replies":[{"embeddable":true,"href":"https:\/\/zonaroja.com.mx\/index.php?rest_route=%2Fwp%2Fv2%2Fcomments&post=78197"}],"version-history":[{"count":1,"href":"https:\/\/zonaroja.com.mx\/index.php?rest_route=\/wp\/v2\/posts\/78197\/revisions"}],"predecessor-version":[{"id":78200,"href":"https:\/\/zonaroja.com.mx\/index.php?rest_route=\/wp\/v2\/posts\/78197\/revisions\/78200"}],"wp:featuredmedia":[{"embeddable":true,"href":"https:\/\/zonaroja.com.mx\/index.php?rest_route=\/wp\/v2\/media\/78199"}],"wp:attachment":[{"href":"https:\/\/zonaroja.com.mx\/index.php?rest_route=%2Fwp%2Fv2%2Fmedia&parent=78197"}],"wp:term":[{"taxonomy":"category","embeddable":true,"href":"https:\/\/zonaroja.com.mx\/index.php?rest_route=%2Fwp%2Fv2%2Fcategories&post=78197"},{"taxonomy":"post_tag","embeddable":true,"href":"https:\/\/zonaroja.com.mx\/index.php?rest_route=%2Fwp%2Fv2%2Ftags&post=78197"}],"curies":[{"name":"wp","href":"https:\/\/api.w.org\/{rel}","templated":true}]}}