{"id":78201,"date":"2025-03-07T10:23:00","date_gmt":"2025-03-07T16:23:00","guid":{"rendered":"https:\/\/zonaroja.com.mx\/?p=78201"},"modified":"2025-03-07T08:24:31","modified_gmt":"2025-03-07T14:24:31","slug":"invita-el-ieepco-a-participar-en-convocatoria-para-titularidad-de-la-unidad-de-genero","status":"publish","type":"post","link":"https:\/\/zonaroja.com.mx\/?p=78201","title":{"rendered":"Invita el IEEPCO a participar en convocatoria para titularidad de la Unidad de G\u00e9nero"},"content":{"rendered":"\n<p>Redacci\u00f3n\/Zona Roja.<\/p>\n\n\n\n<p>Oaxaca de Ju\u00e1rez, Oax., a 7 de marzo de 2025.- La consejera presidenta del Instituto Estatal Electoral y de Participaci\u00f3n Ciudadana de Oaxaca, Elizabeth S\u00e1nchez Gonz\u00e1lez, invit\u00f3 a las mujeres mayores de 30 a\u00f1os que tengan conocimiento en g\u00e9nero, derechos humanos e interculturalidad, cuenten con experiencia en el trabajo con mujeres de pueblos y comunidades ind\u00edgenas y tengan t\u00edtulo profesional con antig\u00fcedad mayor a cinco a\u00f1os, a participar en la convocatoria para designar a la titular de la Unidad T\u00e9cnica para la Igualdad de G\u00e9nero y No Discriminaci\u00f3n del IEEPCO.<\/p>\n\n\n\n<p>En este sentido, S\u00e1nchez Gonz\u00e1lez indic\u00f3 que elegir el mejor perfil, es de suma importancia, ya que esta Unidad es la encargada de transversalizar la perspectiva de g\u00e9nero, as\u00ed como la perspectiva intercultural e interseccional al interior del Instituto, con la finalidad de seguir consolidando una cultura democr\u00e1tica incluyente.&nbsp;<\/p>\n\n\n\n<p>Recalc\u00f3 tambi\u00e9n que el registro de las aspirantes a dirigir esta \u00e1rea estar\u00e1 abierto hasta el viernes 7 de marzo hasta las 15:00 horas, por lo que a\u00fan hay tiempo para las mujeres que cumplan con los requisitos de la convocatoria.&nbsp;<\/p>\n\n\n\n<p>As\u00ed mismo S\u00e1nchez Gonz\u00e1lez detall\u00f3 que despu\u00e9s de cumplir con las diferentes etapas de validaci\u00f3n de documentales, el lunes 24 de marzo se llevar\u00e1 a cabo la evaluaci\u00f3n de perfiles y la publicaci\u00f3n del nombre de la aspirante mejor evaluada y que ser\u00e1 propuesta por ella al Pleno del Consejo General.<\/p>\n\n\n\n<p>Por \u00faltimo, explic\u00f3 que las etapas del proceso de selecci\u00f3n de las concursantes se desarrollar\u00e1n con la m\u00e1xima transparencia y apego a la legalidad, para garantizar que el perfil seleccionado sea el mejor calificado.<\/p>\n\n\n\n<p>Cabe se\u00f1alar que, la designaci\u00f3n ser\u00e1 deliberada en Sesi\u00f3n de Consejo General a m\u00e1s tardar el viernes 28 de marzo de 2025.<\/p>\n\n\n\n<p>La convocatoria, as\u00ed como la informaci\u00f3n necesaria para el registro, puede ser consultada en el link:<\/p>\n\n\n\n<figure class=\"wp-block-embed\"><div class=\"wp-block-embed__wrapper\">\nhttps:\/\/www.ieepco.org.mx\/convocatoria-para-la-titular-de-la-unidad-tecnica-para-la-igualdad-de-genero-y-no-discriminacion-del-ieepco-2025\n<\/div><\/figure>\n","protected":false},"excerpt":{"rendered":"<p>Redacci\u00f3n\/Zona Roja. Oaxaca de Ju\u00e1rez, Oax., a 7 de marzo de 2025.- La consejera presidenta&hellip;<\/p>\n","protected":false},"author":2,"featured_media":75997,"comment_status":"closed","ping_status":"open","sticky":false,"template":"","format":"standard","meta":{"_lmt_disableupdate":"","_lmt_disable":"","_jetpack_memberships_contains_paid_content":false,"footnotes":""},"categories":[109,46],"tags":[2932],"class_list":["post-78201","post","type-post","status-publish","format-standard","has-post-thumbnail","hentry","category-minuto-a-minuto","category-zona-blanca","tag-instituto-estatal-electoral-y-de-participacion-ciudadana-de-oaxaca-ieepco"],"jetpack_featured_media_url":"https:\/\/zonaroja.com.mx\/wp-content\/uploads\/2024\/12\/Elizabeth-Sanchez-IEEPCO.jpeg","jetpack_sharing_enabled":true,"_links":{"self":[{"href":"https:\/\/zonaroja.com.mx\/index.php?rest_route=\/wp\/v2\/posts\/78201","targetHints":{"allow":["GET"]}}],"collection":[{"href":"https:\/\/zonaroja.com.mx\/index.php?rest_route=\/wp\/v2\/posts"}],"about":[{"href":"https:\/\/zonaroja.com.mx\/index.php?rest_route=\/wp\/v2\/types\/post"}],"author":[{"embeddable":true,"href":"https:\/\/zonaroja.com.mx\/index.php?rest_route=\/wp\/v2\/users\/2"}],"replies":[{"embeddable":true,"href":"https:\/\/zonaroja.com.mx\/index.php?rest_route=%2Fwp%2Fv2%2Fcomments&post=78201"}],"version-history":[{"count":1,"href":"https:\/\/zonaroja.com.mx\/index.php?rest_route=\/wp\/v2\/posts\/78201\/revisions"}],"predecessor-version":[{"id":78202,"href":"https:\/\/zonaroja.com.mx\/index.php?rest_route=\/wp\/v2\/posts\/78201\/revisions\/78202"}],"wp:featuredmedia":[{"embeddable":true,"href":"https:\/\/zonaroja.com.mx\/index.php?rest_route=\/wp\/v2\/media\/75997"}],"wp:attachment":[{"href":"https:\/\/zonaroja.com.mx\/index.php?rest_route=%2Fwp%2Fv2%2Fmedia&parent=78201"}],"wp:term":[{"taxonomy":"category","embeddable":true,"href":"https:\/\/zonaroja.com.mx\/index.php?rest_route=%2Fwp%2Fv2%2Fcategories&post=78201"},{"taxonomy":"post_tag","embeddable":true,"href":"https:\/\/zonaroja.com.mx\/index.php?rest_route=%2Fwp%2Fv2%2Ftags&post=78201"}],"curies":[{"name":"wp","href":"https:\/\/api.w.org\/{rel}","templated":true}]}}