{"id":78207,"date":"2025-03-07T11:29:00","date_gmt":"2025-03-07T17:29:00","guid":{"rendered":"https:\/\/zonaroja.com.mx\/?p=78207"},"modified":"2025-03-07T08:34:28","modified_gmt":"2025-03-07T14:34:28","slug":"avala-congreso-de-oaxaca-reforma-para-proteccion-de-los-maices-nativos","status":"publish","type":"post","link":"https:\/\/zonaroja.com.mx\/?p=78207","title":{"rendered":"Avala Congreso de Oaxaca reforma para protecci\u00f3n de los ma\u00edces nativos"},"content":{"rendered":"\n<p>Redacci\u00f3n\/Zona Roja.<\/p>\n\n\n\n<p>Oaxaca de Ju\u00e1rez, Oax., a 7 de marzo de 2025.- La 66 Legislatura local aprob\u00f3 con 41 votos a favor la reforma y adici\u00f3n de diversas disposiciones de los art\u00edculos 4o y 27 de la Constituci\u00f3n Pol\u00edtica de los Estados Unidos Mexicanos en materia de conservaci\u00f3n y protecci\u00f3n de los ma\u00edces nativos.<\/p>\n\n\n\n<p>Este jueves, el pleno sesion\u00f3 de manera extraordinaria para avalar la minuta respectiva por la que se da este cambio constitucional, que plantea que M\u00e9xico es centro de origen y diversidad del ma\u00edz, el cual es un elemento de identidad nacional, alimento b\u00e1sico del pueblo y base de la existencia de los pueblos ind\u00edgenas y afromexicanos.&nbsp;<\/p>\n\n\n\n<p>Por lo cual, se establece que su cultivo en el territorio nacional debe ser libre de modificaciones gen\u00e9ticas producidas con t\u00e9cnicas que superen las barreras naturales de la reproducci\u00f3n o la recombinaci\u00f3n, como las transg\u00e9nicas.<\/p>\n\n\n\n<p>De igual forma, precisa que, todo otro uso del ma\u00edz gen\u00e9ticamente modificado debe ser evaluado en los t\u00e9rminos de las disposiciones legales para quedar libre de amenazas para la bioseguridad, la salud y el patrimonio biocultural de nuestro pa\u00eds y su poblaci\u00f3n.<\/p>\n\n\n\n<p>Adem\u00e1s, debe priorizarse la protecci\u00f3n de la biodiversidad, la soberan\u00eda alimentaria y su manejo agroecol\u00f3gico, as\u00ed como la promoci\u00f3n de la investigaci\u00f3n cient\u00edfica-human\u00edstica, la innovaci\u00f3n y los conocimientos tradicionales.<\/p>\n\n\n\n<p>Tambi\u00e9n estipula que el Estado deber\u00e1 promover las condiciones para el desarrollo cultural, econ\u00f3mico y de salud, con el prop\u00f3sito de generar empleo y garantizar a la poblaci\u00f3n campesina su bienestar, participaci\u00f3n e incorporaci\u00f3n en el desarrollo nacional.<\/p>\n\n\n\n<p>Durante su intervenci\u00f3n la diputada del Grupo Parlamentario de Morena, Tania Caballero Navarro, destac\u00f3 que al aprobar esta iniciativa no solo se alza la voz para proteger a un grano, sino \u201ca nuestra historia, identidad y futuro, porque hablar del ma\u00edz nativo en Oaxaca es hablar de nuestras ra\u00edces, cultura, la historia de nuestros pueblos originarios, la lucha por la soberan\u00eda alimentaria del estado y porque sin ma\u00edz, no hay pa\u00eds\u201d, destac\u00f3.<\/p>\n\n\n\n<p>Por su parte, la legisladora del Partido Verde Ecologista de M\u00e9xico (PVEM), Melina Hern\u00e1ndez Sosa, tambi\u00e9n se pronunci\u00f3 a favor, afirmando que es un d\u00eda hist\u00f3rico para la protecci\u00f3n de los granos nativos \u201ces un gran avance para las campesinas y campesinos que trabajan la tierra y tambi\u00e9n en la protecci\u00f3n de la soberan\u00eda nacional\u201d.<\/p>\n\n\n\n<p>En este mismo sentido, la representante popular del Partido del Trabajo (PT), Biaani Palomec Enr\u00edquez, reafirm\u00f3 el compromiso del \u00f3rgano pol\u00edtico que integra con la defensa del ma\u00edz nativo -considerado como el pilar de la identidad mexicana-, y la lucha contra el que es gen\u00e9ticamente modificado; mencion\u00f3 que, el ma\u00edz desde tiempos ancestrales ha sido el eje alimenticio, econ\u00f3mico y cultural de las comunidades y ante la amenaza del Modelo Agroindustrial Global es deber de esta Soberan\u00eda procurar su protecci\u00f3n.<\/p>\n\n\n\n<p>Mientras que, la presidenta de la Mesa Directiva, diputada Antonia Natividad D\u00edaz Jim\u00e9nez y tambi\u00e9n integrantes del Grupo Plural expuso que con esta importante decisi\u00f3n se garantiza la vida de las y los mexicanos, pues se asegura la soberan\u00eda alimentaria, se promueve la salud de los suelos y ecosistemas, se fortalece la econom\u00eda social de las comunidades rurales y se prioriza a las personas campesinas que han trabajado la tierra con amor y respeto.&nbsp;<\/p>\n\n\n\n<p>Al hacer uso de la palabra, el presidente de la Junta de Coordinaci\u00f3n Pol\u00edtica (Jucopo), el congresista Benjam\u00edn Viveros Montalvo sostuvo que, la relevancia de esta reforma radica en promover la alimentaci\u00f3n saludable, la conservaci\u00f3n de t\u00e9cnicas agr\u00edcolas tradicionales, la autosuficiencia alimentaria, adem\u00e1s de impulsar la innovaci\u00f3n e investigaci\u00f3n en materia de agrobiodiversidad y la protecci\u00f3n de ecosistemas, anteponiendo la calidad de la alimentaci\u00f3n de las familias, por encima del lucro industrial o de los monopolios relacionados con los transg\u00e9nicos.<\/p>\n\n\n\n<p>Para finalizar, el legislador del Partido Revolucionario Institucional (PRI), Javier Casique Z\u00e1rate, se\u00f1al\u00f3 que la crisis que vive el campo se debe al desmantelamiento de los apoyos destinados al sector, el impacto del cambio clim\u00e1tico, la alteraci\u00f3n del sistema de precios; por ello, consider\u00f3 necesario recuperar los programas de apoyo eliminados, pagar precios justos a las y los productores, as\u00ed como garantizar la producci\u00f3n nacional. \u201cEl ma\u00edz no es una simple mercanc\u00eda, sino el coraz\u00f3n de la cultura mexicana\u201d, expres\u00f3.<\/p>\n","protected":false},"excerpt":{"rendered":"<p>Redacci\u00f3n\/Zona Roja. Oaxaca de Ju\u00e1rez, Oax., a 7 de marzo de 2025.- La 66 Legislatura&hellip;<\/p>\n","protected":false},"author":2,"featured_media":78208,"comment_status":"closed","ping_status":"open","sticky":false,"template":"","format":"standard","meta":{"_lmt_disableupdate":"","_lmt_disable":"","_jetpack_memberships_contains_paid_content":false,"footnotes":""},"categories":[109,46],"tags":[303],"class_list":["post-78207","post","type-post","status-publish","format-standard","has-post-thumbnail","hentry","category-minuto-a-minuto","category-zona-blanca","tag-congreso-del-estado-de-oaxaca"],"jetpack_featured_media_url":"https:\/\/zonaroja.com.mx\/wp-content\/uploads\/2025\/03\/Sesion-extraordinaria_votacion-Decreto-Maiz_3.jpeg","jetpack_sharing_enabled":true,"_links":{"self":[{"href":"https:\/\/zonaroja.com.mx\/index.php?rest_route=\/wp\/v2\/posts\/78207","targetHints":{"allow":["GET"]}}],"collection":[{"href":"https:\/\/zonaroja.com.mx\/index.php?rest_route=\/wp\/v2\/posts"}],"about":[{"href":"https:\/\/zonaroja.com.mx\/index.php?rest_route=\/wp\/v2\/types\/post"}],"author":[{"embeddable":true,"href":"https:\/\/zonaroja.com.mx\/index.php?rest_route=\/wp\/v2\/users\/2"}],"replies":[{"embeddable":true,"href":"https:\/\/zonaroja.com.mx\/index.php?rest_route=%2Fwp%2Fv2%2Fcomments&post=78207"}],"version-history":[{"count":1,"href":"https:\/\/zonaroja.com.mx\/index.php?rest_route=\/wp\/v2\/posts\/78207\/revisions"}],"predecessor-version":[{"id":78209,"href":"https:\/\/zonaroja.com.mx\/index.php?rest_route=\/wp\/v2\/posts\/78207\/revisions\/78209"}],"wp:featuredmedia":[{"embeddable":true,"href":"https:\/\/zonaroja.com.mx\/index.php?rest_route=\/wp\/v2\/media\/78208"}],"wp:attachment":[{"href":"https:\/\/zonaroja.com.mx\/index.php?rest_route=%2Fwp%2Fv2%2Fmedia&parent=78207"}],"wp:term":[{"taxonomy":"category","embeddable":true,"href":"https:\/\/zonaroja.com.mx\/index.php?rest_route=%2Fwp%2Fv2%2Fcategories&post=78207"},{"taxonomy":"post_tag","embeddable":true,"href":"https:\/\/zonaroja.com.mx\/index.php?rest_route=%2Fwp%2Fv2%2Ftags&post=78207"}],"curies":[{"name":"wp","href":"https:\/\/api.w.org\/{rel}","templated":true}]}}