{"id":78213,"date":"2025-03-07T21:18:27","date_gmt":"2025-03-08T03:18:27","guid":{"rendered":"https:\/\/zonaroja.com.mx\/?p=78213"},"modified":"2025-03-07T21:18:29","modified_gmt":"2025-03-08T03:18:29","slug":"causa-alarma-en-la-region-del-istmo-explosion-de-un-ducto-de-pemex","status":"publish","type":"post","link":"https:\/\/zonaroja.com.mx\/?p=78213","title":{"rendered":"Causa alarma en la regi\u00f3n del Istmo explosi\u00f3n de un ducto de Pemex"},"content":{"rendered":"\n<p>Ismael Garc\u00eda M.\/Zona Roja.<\/p>\n\n\n\n<p>Oaxaca de Ju\u00e1rez, Oax. 7 de marzo de 2025.- Un ducto de Petr\u00f3leos Mexicanos que transporta combustibles de Oaxaca a Veracruz explot\u00f3 en la regi\u00f3n del Istmo de Tehuantepec.<\/p>\n\n\n\n<p>El percance ocurri\u00f3 la tarde de hoy a un costado de la carretera La Ventosa-Mat\u00edas Romero, en jurisdicci\u00f3n del municipio de El Barrio de la Soledad, lo cual ha causado alarma y preocupaci\u00f3n a la poblaci\u00f3n de la zona, adem\u00e1s de cerrar la vialidad al tr\u00e1nsito vehicular.<\/p>\n\n\n\n<p>Hasta el momento no hay ning\u00fan comunicado oficial de Pemex, mientras que la Coordinaci\u00f3n Estatal de Protecci\u00f3n Civil y Gesti\u00f3n de Riesgos del gobierno de Oaxaca inform\u00f3 que se atiende el incendio registrado en el poliducto 16 Minatitl\u00e1n-Salina Cruz.<\/p>\n\n\n\n<p>En un comunicado, la autoridad estatal detall\u00f3 que el material que se quema es gasolina, la cual se trasladaba a trav\u00e9s de esa infraestructura de la empresa nacional.<\/p>\n\n\n\n<p>\u201cAnte este siniestro, la petrolera suspendi\u00f3 el bombeo en este ducto de 16 pulgadas y adelant\u00f3 que el fuego se extinguir\u00e1 hasta que se acabe el material flamable que se qued\u00f3 en el tubo.<\/p>\n\n\n\n<p>\u201cComo medida de seguridad, la Guardia Nacional (GN) suspendi\u00f3 el tr\u00e1nsito vehicular en ambos sentidos, sobre la carretera Trans\u00edstmica, hasta que se controle la situaci\u00f3n\u201d.<\/p>\n\n\n\n<p>Detall\u00f3 que al lugar llegaron, adem\u00e1s, elementos del Heroico Cuerpo de Bomberos del Estado de Oaxaca, adscritos a la subestaci\u00f3n de Mat\u00edas Romero; personal de seguridad f\u00edsica y de ductos de Pemex y Protecci\u00f3n Civil del Barrio de la Soledad.<\/p>\n\n\n\n<p>En las primeras labores para controlar el incendio, las empresas Cruz Azul y La Istme\u00f1a ofrecieron su apoyo con agua y material qu\u00edmico para la contenci\u00f3n y sofocaci\u00f3n del fuego.<\/p>\n\n\n\n<p>Ante esta situaci\u00f3n, Protecci\u00f3n Civil recomienda a la poblaci\u00f3n no transitar por esta zona de la regi\u00f3n del Istmo de Tehuantepec y utilizar v\u00edas alternas para prevenir cualquier accidente.<\/p>\n\n\n\n<p>Asimismo, agradece su comprensi\u00f3n y exhorta a mantenerse atenta a las indicaciones de las autoridades oficiales.<\/p>\n","protected":false},"excerpt":{"rendered":"<p>Ismael Garc\u00eda M.\/Zona Roja. Oaxaca de Ju\u00e1rez, Oax. 7 de marzo de 2025.- Un ducto&hellip;<\/p>\n","protected":false},"author":2,"featured_media":78214,"comment_status":"closed","ping_status":"open","sticky":false,"template":"","format":"standard","meta":{"_lmt_disableupdate":"","_lmt_disable":"","_jetpack_memberships_contains_paid_content":false,"footnotes":""},"categories":[109,47],"tags":[3604],"class_list":["post-78213","post","type-post","status-publish","format-standard","has-post-thumbnail","hentry","category-minuto-a-minuto","category-zona-gris","tag-incendios-pemex"],"jetpack_featured_media_url":"https:\/\/zonaroja.com.mx\/wp-content\/uploads\/2025\/03\/Incendio-ducto-Pemex-Oaxaca-Istmo.jpg","jetpack_sharing_enabled":true,"_links":{"self":[{"href":"https:\/\/zonaroja.com.mx\/index.php?rest_route=\/wp\/v2\/posts\/78213","targetHints":{"allow":["GET"]}}],"collection":[{"href":"https:\/\/zonaroja.com.mx\/index.php?rest_route=\/wp\/v2\/posts"}],"about":[{"href":"https:\/\/zonaroja.com.mx\/index.php?rest_route=\/wp\/v2\/types\/post"}],"author":[{"embeddable":true,"href":"https:\/\/zonaroja.com.mx\/index.php?rest_route=\/wp\/v2\/users\/2"}],"replies":[{"embeddable":true,"href":"https:\/\/zonaroja.com.mx\/index.php?rest_route=%2Fwp%2Fv2%2Fcomments&post=78213"}],"version-history":[{"count":1,"href":"https:\/\/zonaroja.com.mx\/index.php?rest_route=\/wp\/v2\/posts\/78213\/revisions"}],"predecessor-version":[{"id":78215,"href":"https:\/\/zonaroja.com.mx\/index.php?rest_route=\/wp\/v2\/posts\/78213\/revisions\/78215"}],"wp:featuredmedia":[{"embeddable":true,"href":"https:\/\/zonaroja.com.mx\/index.php?rest_route=\/wp\/v2\/media\/78214"}],"wp:attachment":[{"href":"https:\/\/zonaroja.com.mx\/index.php?rest_route=%2Fwp%2Fv2%2Fmedia&parent=78213"}],"wp:term":[{"taxonomy":"category","embeddable":true,"href":"https:\/\/zonaroja.com.mx\/index.php?rest_route=%2Fwp%2Fv2%2Fcategories&post=78213"},{"taxonomy":"post_tag","embeddable":true,"href":"https:\/\/zonaroja.com.mx\/index.php?rest_route=%2Fwp%2Fv2%2Ftags&post=78213"}],"curies":[{"name":"wp","href":"https:\/\/api.w.org\/{rel}","templated":true}]}}