{"id":78216,"date":"2025-03-07T22:33:39","date_gmt":"2025-03-08T04:33:39","guid":{"rendered":"https:\/\/zonaroja.com.mx\/?p=78216"},"modified":"2025-03-07T22:33:41","modified_gmt":"2025-03-08T04:33:41","slug":"detienen-en-oaxaca-con-violencia-a-periodista-y-a-su-familia","status":"publish","type":"post","link":"https:\/\/zonaroja.com.mx\/?p=78216","title":{"rendered":"Detienen en Oaxaca con violencia a periodista y a su familia"},"content":{"rendered":"\n<p>Raymundo Morales\/Zona Roja.<\/p>\n\n\n\n<p>Oaxaca de Ju\u00e1rez, Oax., a 7 de marzo de 2025.- El periodista \u00c1lvaro Cuitl\u00e1huac L\u00f3pez y su familia fueron detenidos en su domicilio de la ciudad de Oaxaca por parte de elementos de la Agencia Estatal de Investigaciones (AEI) de la Fiscal\u00eda General del Estado, de la Guardia Nacional y del Ej\u00e9rcito Mexicano.<\/p>\n\n\n\n<p>El comunicador realizaba una transmisi\u00f3n en vivo para su medio informativo \u201cIOaxaca\u201d debido a que integrantes de dichas corporaciones arribaron a su casa, en la calle Prolongaci\u00f3n de Galeana de la capital, para realizar un supuesto cateo pero sin presentar la orden correspondiente.<\/p>\n\n\n\n<p>El comunicador fue increpado cuando realizaba su transmisi\u00f3n en vivo y posteriormente detenido con violencia, as\u00ed como a varios integrantes de su familia, entre ellos mujeres, tras lo cual lo golpearon, lo esposaron y algunos de ellos fueron subidos a una camioneta.<\/p>\n\n\n\n<p>Luego de m\u00e1s de una hora, tambi\u00e9n sin explicaci\u00f3n lo dejaron en libertad pero golpeado severamente, al igual que dejaron al menos tres motocicletas que se hab\u00edan llevado con una gr\u00faa.<\/p>\n\n\n\n<p>El comunicador, que labora para el peri\u00f3dico \u201cEl Imparcial\u201d de Oaxaca, denunci\u00f3 que le robaron sus dos tel\u00e9fonos celulares \u2014que detect\u00f3 se llevaron a oficinas de la AEI en La Experimental, San Antonio de la Cal, as\u00ed como diversos bienes.<\/p>\n\n\n\n<p>LA VERSI\u00d3N OFICIAL<\/p>\n\n\n\n<p>En un comunicado, la Fiscal\u00eda General inform\u00f3 que, como parte de los actos de investigaci\u00f3n que forman parte de las labores ministeriales que realiza, se dio cumplimiento a un mandato judicial por el cual se realiz\u00f3 un operativo sobre la calle de prolongaci\u00f3n de Galeana, en inmediaciones de la Central de Abasto, en la ciudad de Oaxaca de Ju\u00e1rez.<\/p>\n\n\n\n<p>\u201cDerivado de incidentes ocurridos durante este operativo, fueron detenidas varias personas, entre ellas un periodista, quienes quedaron en libertad luego de corroborar su no participaci\u00f3n en los hechos.<\/p>\n\n\n\n<p>\u201cEn tanto, la Fiscal\u00eda General del Estado de Oaxaca, a trav\u00e9s de los \u00f3rganos internos de control, verificar\u00e1 la correcta actuaci\u00f3n de los elementos que participaron en el operativo\u201d.<\/p>\n\n\n\n<p>Enfatiz\u00f3 su compromiso de llevar a cabo acciones apegadas a la ley \u201cy en pleno respeto de los derechos humanos, as\u00ed como la libertad de expresi\u00f3n, \u201cpor lo que reiteramos nuestro compromiso para esclarecer cualquier situaci\u00f3n y brindar acompa\u00f1amiento integral a quien resulte afectado\u201d.<\/p>\n\n\n\n<p>INTERVIENE LA DDHPO<\/p>\n\n\n\n<p>Por su parte, en un comunicado tambi\u00e9n, la Defensor\u00eda de los Derechos Humanos del Pueblo de Oaxaca (DDHPO) dijo que derivado de la transmisi\u00f3n en vivo realizada por el periodista \u00c1lvaro Cuitl\u00e1huac \u201cen la que se observan actos de abuso policial y malas pr\u00e1cticas por parte de elementos de la Agencia Estatal de Investigaci\u00f3n, adscritos a la Fiscal\u00eda General del Estado de Oaxaca, en agravio a su familia e incluido el periodista, la Defensor\u00eda de los Derechos Humanos del Pueblo de Oaxaca expresa su total indignaci\u00f3n y rechazo a los hechos que se exhiben ante la total falta de aplicaci\u00f3n de protocolos y violaci\u00f3n a los derechos humanos durante la detenci\u00f3n\u201d.<\/p>\n\n\n\n<p>Agreg\u00f3 que en el marco de sus atribuciones y facultades, tuvo comunicaci\u00f3n directa con un familiar de los agraviados por lo tanto se inici\u00f3 el expediente DDHPO\/0357\/(01)\/OAX\/2025, asimismo personal de esta Defensor\u00eda se traslad\u00f3 de manera inmediata al centro de detenci\u00f3n ubicado en el interior de la FGEO a fin de conocer el estado de salud de las personas detenidas, y exigir a la autoridad que se realicen protocolos a fin de salvaguardar sus derechos humanos.<\/p>\n\n\n\n<p>\u201cAnte lo sucedido, este organismo aut\u00f3nomo hace un en\u00e9rgico llamado a las autoridades a conducirse con el mayor respeto a los derechos humanos de todas las personas\u201d.<\/p>\n\n\n\n<p>EL PRONUNCIAMIENTO<\/p>\n\n\n\n<p>Por su parte, el colectivo \u201cPeriodismo en Riesgo\u201d Oaxaca emiti\u00f3 esta noche un pronunciamiento, en que rechaz\u00f3 en\u00e9rgicamente la violenta actuaci\u00f3n policial en contra del reportero \u00c1lvaro Cuitl\u00e1huac L\u00f3pez.<\/p>\n\n\n\n<p>Pidi\u00f3 a una investigaci\u00f3n inmediata e imparcial de los hechos y sanciones ejemplares en contra de los responsables; asimismo, que la Fiscal\u00eda General rinda cuentas p\u00fablicamente y garantice la seguridad del comunicador y su familia.<\/p>\n\n\n\n<p>\u201cUn alto total a la persecuci\u00f3n y criminalizaci\u00f3n del periodismo en Oaxaca, as\u00ed como garant\u00edas reales para el ejercicio libre y seguir de la labor informativa\u201d, demand\u00f3.<\/p>\n","protected":false},"excerpt":{"rendered":"<p>Raymundo Morales\/Zona Roja. Oaxaca de Ju\u00e1rez, Oax., a 7 de marzo de 2025.- El periodista&hellip;<\/p>\n","protected":false},"author":2,"featured_media":78217,"comment_status":"closed","ping_status":"open","sticky":false,"template":"","format":"standard","meta":{"_lmt_disableupdate":"","_lmt_disable":"","_jetpack_memberships_contains_paid_content":false,"footnotes":""},"categories":[109,47],"tags":[4239],"class_list":["post-78216","post","type-post","status-publish","format-standard","has-post-thumbnail","hentry","category-minuto-a-minuto","category-zona-gris","tag-alvaro-cuitlahuac-lopez"],"jetpack_featured_media_url":"https:\/\/zonaroja.com.mx\/wp-content\/uploads\/2025\/03\/Agresion-y-detencion-reportero-Alvaro-Cuitlauac.jpg","jetpack_sharing_enabled":true,"_links":{"self":[{"href":"https:\/\/zonaroja.com.mx\/index.php?rest_route=\/wp\/v2\/posts\/78216","targetHints":{"allow":["GET"]}}],"collection":[{"href":"https:\/\/zonaroja.com.mx\/index.php?rest_route=\/wp\/v2\/posts"}],"about":[{"href":"https:\/\/zonaroja.com.mx\/index.php?rest_route=\/wp\/v2\/types\/post"}],"author":[{"embeddable":true,"href":"https:\/\/zonaroja.com.mx\/index.php?rest_route=\/wp\/v2\/users\/2"}],"replies":[{"embeddable":true,"href":"https:\/\/zonaroja.com.mx\/index.php?rest_route=%2Fwp%2Fv2%2Fcomments&post=78216"}],"version-history":[{"count":1,"href":"https:\/\/zonaroja.com.mx\/index.php?rest_route=\/wp\/v2\/posts\/78216\/revisions"}],"predecessor-version":[{"id":78218,"href":"https:\/\/zonaroja.com.mx\/index.php?rest_route=\/wp\/v2\/posts\/78216\/revisions\/78218"}],"wp:featuredmedia":[{"embeddable":true,"href":"https:\/\/zonaroja.com.mx\/index.php?rest_route=\/wp\/v2\/media\/78217"}],"wp:attachment":[{"href":"https:\/\/zonaroja.com.mx\/index.php?rest_route=%2Fwp%2Fv2%2Fmedia&parent=78216"}],"wp:term":[{"taxonomy":"category","embeddable":true,"href":"https:\/\/zonaroja.com.mx\/index.php?rest_route=%2Fwp%2Fv2%2Fcategories&post=78216"},{"taxonomy":"post_tag","embeddable":true,"href":"https:\/\/zonaroja.com.mx\/index.php?rest_route=%2Fwp%2Fv2%2Ftags&post=78216"}],"curies":[{"name":"wp","href":"https:\/\/api.w.org\/{rel}","templated":true}]}}