{"id":78228,"date":"2025-03-08T10:33:00","date_gmt":"2025-03-08T16:33:00","guid":{"rendered":"https:\/\/zonaroja.com.mx\/?p=78228"},"modified":"2025-03-08T07:34:43","modified_gmt":"2025-03-08T13:34:43","slug":"horror-hallan-crematorio-clandestino-en-jalisco-seria-del-cjng","status":"publish","type":"post","link":"https:\/\/zonaroja.com.mx\/?p=78228","title":{"rendered":"Horror: hallan crematorio clandestino en Jalisco; ser\u00eda del CJNG"},"content":{"rendered":"\n<p>Redacci\u00f3n\/Zona Roja Cdmx.<\/p>\n\n\n\n<p>Ciudad de M\u00e9xico, a 8 de marzo de 2025.- Colectivos ciudadanos de b\u00fasqueda de personas desaparecidas dieron, en el rancho Izaguirre ubicado en La Estanzuela, municipio de Teuchitl\u00e1n, con lo que parece ser un crematorio clandestino, adem\u00e1s de huesos humanos calcinados y triturados, zapatos, mochilas, carteras, bolsas y maletas, pese a que el lugar ya hab\u00eda sido registrado por la fiscal\u00eda local.<\/p>\n\n\n\n<p>La Guardia Nacional dio con el rancho en septiembre pasado y detuvo a 10 personas, rescatando a dos hombres privados de la libertad y el cad\u00e1ver de un tercero, envuelto en bolsas de pl\u00e1stico. Desde entonces se encontraba bajo aparente resguardo de la Fiscal\u00eda del Estado.<\/p>\n\n\n\n<p>El mi\u00e9rcoles por la tarde, el colectivo Guerreros Buscadores de Jalisco realiz\u00f3 una transmisi\u00f3n en vivo desde el rancho Izaguirre en el que mostr\u00f3 tres crematorios clandestinos y restos \u00f3seos calcinados, adem\u00e1s de diferentes tipos de prendas entre ellas muchas de mujer y figuras de la santa muerte.<\/p>\n\n\n\n<p>El grupo se comunic\u00f3 con la Fiscal\u00eda que envi\u00f3 personal al sitio y este jueves reanudaron la b\u00fasqueda de m\u00e1s vestigios humanos en ese sitio, utilizado como centro de reclutamiento y entrenamiento de nuevos miembros -muchos de ellos forzados- del c\u00e1rtel Jalisco Nueva Generaci\u00f3n.<\/p>\n\n\n\n<p>El fiscal estatal Salvador Gonz\u00e1lez de los Santos confirm\u00f3 que el rancho ya hab\u00eda sido inspeccionado en septiembre, pero justific\u00f3 que no se hubieran encontrado cuerpos o huesos humanos por el gran tama\u00f1o del lugar.<\/p>\n\n\n\n<p>\u201cLo que pasa es que es un rancho bastante grande, en aquel entonces hubo 10 detenidos, se liberaron a dos personas, se hizo una b\u00fasqueda en ciertas partes (pero) no se pudo procesar todo el rancho porque son bastantes hect\u00e1reas\u201d, dijo.<\/p>\n\n\n\n<p>Agreg\u00f3 que el colectivo dio con los huesos fragmentados y quemados porque \u201cle lleg\u00f3 informaci\u00f3n\u201d respecto a cierto punto donde estar\u00edan, pero que eso \u201cno quiere decir que no se haya buscado\u201d, pero que ahora lo importante es que \u201cesta b\u00fasqueda a final de cuentas tuvo resultados.<\/p>\n\n\n\n<p>M\u00e1s tarde la Fiscal\u00eda envi\u00f3 una ficha informativa en la que se\u00f1al\u00f3 que hasta este jueves se hab\u00edan encontrado \u201crestos \u00f3seos calcinados en n\u00famero por determinar, 96 casquillos de diversos calibres, incompletos, deformes u oxidados, 3 cargadores y unos aros aprehensores met\u00e1licos.<\/p>\n\n\n\n<p>\u201cSe continu\u00f3 con la b\u00fasqueda de indicios en puntos diversos a los explorados en septiembre de 2024. En estos otros puntos dentro del terreno se detectaron dos circunstancias in\u00e9ditas: los restos \u00f3seos fueron calcinados e inhumados, y adicionalmente se ocultaron bajo una capa de tierra y una losa de ladrillo, lo que impidi\u00f3 su detecci\u00f3n en la inspecci\u00f3n inicial\u201d, se\u00f1ala la ficha.<\/p>\n\n\n\n<p>A principios de febrero, tambi\u00e9n fuerzas federales dieron con otra finca en Teuchitl\u00e1n utilizada con el mismo prop\u00f3sito de reclutar y entrenar como sicarios a nuevos miembros del CJNG, logrando detener a 38 personas de las cuales 36 fueron liberadas al comprobarse que fueron reclutadas con enga\u00f1os y obligadas a quedarse en el campamento.<\/p>\n\n\n\n<p>(Informaci\u00f3n de \u201cLa Jornada\u201d)<\/p>\n","protected":false},"excerpt":{"rendered":"<p>Redacci\u00f3n\/Zona Roja Cdmx. Ciudad de M\u00e9xico, a 8 de marzo de 2025.- Colectivos ciudadanos de&hellip;<\/p>\n","protected":false},"author":2,"featured_media":78229,"comment_status":"closed","ping_status":"open","sticky":false,"template":"","format":"standard","meta":{"_lmt_disableupdate":"","_lmt_disable":"","_jetpack_memberships_contains_paid_content":false,"footnotes":""},"categories":[109,47],"tags":[1492],"class_list":["post-78228","post","type-post","status-publish","format-standard","has-post-thumbnail","hentry","category-minuto-a-minuto","category-zona-gris","tag-cartel-jalisco-nueva-generacion"],"jetpack_featured_media_url":"https:\/\/zonaroja.com.mx\/wp-content\/uploads\/2025\/03\/Crematorio-clandestino-Jalisco.webp","jetpack_sharing_enabled":true,"_links":{"self":[{"href":"https:\/\/zonaroja.com.mx\/index.php?rest_route=\/wp\/v2\/posts\/78228","targetHints":{"allow":["GET"]}}],"collection":[{"href":"https:\/\/zonaroja.com.mx\/index.php?rest_route=\/wp\/v2\/posts"}],"about":[{"href":"https:\/\/zonaroja.com.mx\/index.php?rest_route=\/wp\/v2\/types\/post"}],"author":[{"embeddable":true,"href":"https:\/\/zonaroja.com.mx\/index.php?rest_route=\/wp\/v2\/users\/2"}],"replies":[{"embeddable":true,"href":"https:\/\/zonaroja.com.mx\/index.php?rest_route=%2Fwp%2Fv2%2Fcomments&post=78228"}],"version-history":[{"count":1,"href":"https:\/\/zonaroja.com.mx\/index.php?rest_route=\/wp\/v2\/posts\/78228\/revisions"}],"predecessor-version":[{"id":78230,"href":"https:\/\/zonaroja.com.mx\/index.php?rest_route=\/wp\/v2\/posts\/78228\/revisions\/78230"}],"wp:featuredmedia":[{"embeddable":true,"href":"https:\/\/zonaroja.com.mx\/index.php?rest_route=\/wp\/v2\/media\/78229"}],"wp:attachment":[{"href":"https:\/\/zonaroja.com.mx\/index.php?rest_route=%2Fwp%2Fv2%2Fmedia&parent=78228"}],"wp:term":[{"taxonomy":"category","embeddable":true,"href":"https:\/\/zonaroja.com.mx\/index.php?rest_route=%2Fwp%2Fv2%2Fcategories&post=78228"},{"taxonomy":"post_tag","embeddable":true,"href":"https:\/\/zonaroja.com.mx\/index.php?rest_route=%2Fwp%2Fv2%2Ftags&post=78228"}],"curies":[{"name":"wp","href":"https:\/\/api.w.org\/{rel}","templated":true}]}}