{"id":78234,"date":"2025-03-08T17:28:28","date_gmt":"2025-03-08T23:28:28","guid":{"rendered":"https:\/\/zonaroja.com.mx\/?p=78234"},"modified":"2025-03-08T17:28:30","modified_gmt":"2025-03-08T23:28:30","slug":"opinion-8m-todas-a-las-marchas","status":"publish","type":"post","link":"https:\/\/zonaroja.com.mx\/?p=78234","title":{"rendered":"Opini\u00f3n. 8M, todas a las marchas"},"content":{"rendered":"\n<p>Soledad Jarqu\u00edn \u00c9dgar*\/SemM\u00e9xico<\/p>\n\n\n\n<p>El feminismo enfrenta una reacci\u00f3n violenta atizada por el conservadurismo que sigue cuestionando las protestas de las mujeres en la exigencia de sus derechos.<\/p>\n\n\n\n<p>\u00bfQu\u00e9 m\u00e1s piden las mujeres ahora, si ya tenemos los mismos derechos? Es un cuestionamiento com\u00fan, incluso por a\u00f1os consideraron que el feminismo era una postura pol\u00edtica trasnochada.<\/p>\n\n\n\n<p>Sin embargo, el Informe Los derechos de las mujeres bajo examen, 30 a\u00f1os despu\u00e9s de Beijing, elaborado por ONU Mujeres, muestra que en el mundo las mujeres tienen menos acceso a los derechos en 36 por ciento en comparaci\u00f3n con los hombres.<\/p>\n\n\n\n<p>Ese dato global, que var\u00eda de acuerdo con el pa\u00eds, es un ejemplo de por qu\u00e9 las mujeres salen cada a\u00f1o el 8 de marzo #8M D\u00eda Internacional de la Mujer desde principios del siglo pasado y desde hace 50 a\u00f1os cuando la ONU estableci\u00f3 y recomend\u00f3 a los pa\u00edses sumarse a esa fecha \u201cen la medida de sus posibilidades\u201d.<\/p>\n\n\n\n<p>Es de llamar la atenci\u00f3n que muchas mujeres se resisten a sumarse a las marchas de protesta del #8M por \u201clos desmanes\u201d -as\u00ed los llaman- que algunos grupos realizan, especialmente a partir de 2019 en M\u00e9xico cuando enojadas por la desbordante violencia machista decidieron quemar y romper todo.<\/p>\n\n\n\n<p>Muchas mujeres, sobre todo las m\u00e1s j\u00f3venes, han sido v\u00edctimas de represi\u00f3n por parte del Estado en diversas entidades del pa\u00eds tras las protestas, en estos casos s\u00ed funciona la polic\u00eda, no as\u00ed cuando ellas lo requieren en caso de urgencia frente a un ataque en el \u00e1mbito de lo privado o en lo p\u00fablico.<\/p>\n\n\n\n<p>El blindaje de edificios p\u00fablicos y privados desde un d\u00eda antes de las marchas que habr\u00e1 en todo el pa\u00eds, es otra respuesta conservadora de las instituciones que se autonombran de izquierda y que da pie a un infundado miedo a las marchas feministas.<\/p>\n\n\n\n<p>Sin embargo, frente a la realidad de las violencias machistas, sexistas y mis\u00f3ginas, todas las mujeres deber\u00edamos salir a la calle a protestar.&nbsp;<\/p>\n\n\n\n<p>El informe de ONU Mujeres es sumamente revelador \u201ccada 10 minutos una mujer o una ni\u00f1a es asesinada por su pareja o alguien de su familia, y&nbsp;una de cada tres&nbsp;sufre&nbsp;violencia f\u00edsica&nbsp;y sexual tanto en el hogar como fuera de este.<\/p>\n\n\n\n<p>As\u00ed que, si piensa que la violencia machista, sexista o mis\u00f3gina no le va a ocurrir se equivoca, existen m\u00e1s probabilidades de que s\u00ed pase, y una de las razones es la multiplicidad de actos de simulaci\u00f3n institucional contra el flagelo de la tambi\u00e9n llamada violencia de g\u00e9nero contra las mujeres.<\/p>\n\n\n\n<p>Vaya a la marcha, no se detenga, conozca a otras mujeres, conozca a las feministas, ejerza la sororidad con las v\u00edctimas de las m\u00faltiples violencias, porque est\u00e1 comprobado tenemos graves retrocesos ante los avances de los \u201cpoderosos\u201d conservadurismos que hoy son como lobos disfrazados de ovejas, si no me cree vea a las y los pol\u00edticos, a servidores p\u00fablicos que se dicen de izquierda, pero que siguen pensando desde sus creencias conservadoras y reaccionarias.<\/p>\n\n\n\n<p>*Periodista y activista feminista.<\/p>\n\n\n\n<p>@JarquinEdgar<\/p>\n","protected":false},"excerpt":{"rendered":"<p>Soledad Jarqu\u00edn \u00c9dgar*\/SemM\u00e9xico El feminismo enfrenta una reacci\u00f3n violenta atizada por el conservadurismo que sigue&hellip;<\/p>\n","protected":false},"author":2,"featured_media":68029,"comment_status":"closed","ping_status":"open","sticky":false,"template":"","format":"standard","meta":{"_lmt_disableupdate":"","_lmt_disable":"","_jetpack_memberships_contains_paid_content":false,"footnotes":""},"categories":[456,109],"tags":[1105],"class_list":["post-78234","post","type-post","status-publish","format-standard","has-post-thumbnail","hentry","category-columna","category-minuto-a-minuto","tag-soledad-jarquin-edgar"],"jetpack_featured_media_url":"https:\/\/zonaroja.com.mx\/wp-content\/uploads\/2024\/05\/Soledad-Jarquin-Edgar.jpg","jetpack_sharing_enabled":true,"_links":{"self":[{"href":"https:\/\/zonaroja.com.mx\/index.php?rest_route=\/wp\/v2\/posts\/78234","targetHints":{"allow":["GET"]}}],"collection":[{"href":"https:\/\/zonaroja.com.mx\/index.php?rest_route=\/wp\/v2\/posts"}],"about":[{"href":"https:\/\/zonaroja.com.mx\/index.php?rest_route=\/wp\/v2\/types\/post"}],"author":[{"embeddable":true,"href":"https:\/\/zonaroja.com.mx\/index.php?rest_route=\/wp\/v2\/users\/2"}],"replies":[{"embeddable":true,"href":"https:\/\/zonaroja.com.mx\/index.php?rest_route=%2Fwp%2Fv2%2Fcomments&post=78234"}],"version-history":[{"count":1,"href":"https:\/\/zonaroja.com.mx\/index.php?rest_route=\/wp\/v2\/posts\/78234\/revisions"}],"predecessor-version":[{"id":78235,"href":"https:\/\/zonaroja.com.mx\/index.php?rest_route=\/wp\/v2\/posts\/78234\/revisions\/78235"}],"wp:featuredmedia":[{"embeddable":true,"href":"https:\/\/zonaroja.com.mx\/index.php?rest_route=\/wp\/v2\/media\/68029"}],"wp:attachment":[{"href":"https:\/\/zonaroja.com.mx\/index.php?rest_route=%2Fwp%2Fv2%2Fmedia&parent=78234"}],"wp:term":[{"taxonomy":"category","embeddable":true,"href":"https:\/\/zonaroja.com.mx\/index.php?rest_route=%2Fwp%2Fv2%2Fcategories&post=78234"},{"taxonomy":"post_tag","embeddable":true,"href":"https:\/\/zonaroja.com.mx\/index.php?rest_route=%2Fwp%2Fv2%2Ftags&post=78234"}],"curies":[{"name":"wp","href":"https:\/\/api.w.org\/{rel}","templated":true}]}}