{"id":78239,"date":"2025-03-08T19:00:00","date_gmt":"2025-03-09T01:00:00","guid":{"rendered":"https:\/\/zonaroja.com.mx\/?p=78239"},"modified":"2025-03-08T18:32:51","modified_gmt":"2025-03-09T00:32:51","slug":"suman-9-muertos-por-ataque-armado-en-un-panteon-de-guanajuato","status":"publish","type":"post","link":"https:\/\/zonaroja.com.mx\/?p=78239","title":{"rendered":"Suman 9 muertos por ataque armado en un pante\u00f3n de Guanajuato"},"content":{"rendered":"\n<p>Redacci\u00f3n\/Zona Roja Cdmx.<\/p>\n\n\n\n<p>Ciudad de M\u00e9xico, a 8 de marzo de 2025.- La Fiscal\u00eda General del Estado (FGE) de Guanajuato inform\u00f3 ayer que suman nueve personas fallecidas por el ataque armado durante un sepelio que se realizaba en un pante\u00f3n del municipio de Apaseo El Grande; originalmente se dio a conocer el crimen de siete personas en dicho lugar.<\/p>\n\n\n\n<p>Detall\u00f3 que indaga la agresi\u00f3n a balazos a los presentes en el pante\u00f3n, donde murieron ocho hombres y una mujer en la comunidad San Jos\u00e9 Agua Azul, quienes ya han sido identificados.<\/p>\n\n\n\n<p>\u201cLa informaci\u00f3n derivada de las investigaciones ser\u00e1 difundida sin comprometer la integridad de las diligencias ni los derechos de las partes involucradas\u201d, refiri\u00f3 la FGE<\/p>\n\n\n\n<p>POLIC\u00cdA ASESINADO<\/p>\n\n\n\n<p>En ese contexto, se report\u00f3 el asesinato del polic\u00eda municipal de Celaya, Roberto Carlos Ju\u00e1rez Hern\u00e1ndez, cuando llegaba a su domicilio la madrugada del viernes.<\/p>\n\n\n\n<p>\u201cNosotros lo calificamos de un hecho lamentable, fuera de todo honor y cobarde\u201d, se\u00f1al\u00f3 el secretario de Seguridad de Celaya, Pablo Mu\u00f1oz Huitr\u00f3n, sobre el crimen del oficial, de quien dijo que era motociclista con 12 a\u00f1os de servicio y no ten\u00eda amenazas.<\/p>\n\n\n\n<p>Apenas la tarde del jueves, tambi\u00e9n en Celaya, el ex director de la Polic\u00eda en la administraci\u00f3n panista 2021-2024, Carlos Reyes Ortega, fue acribillado afuera de la Plaza Veleros. \u201cEra un ex director, se dio de baja en marzo del 2024, es un hecho lamentable, como todos los dem\u00e1s\u201d, manifest\u00f3 el secretario sobre este crimen.<\/p>\n\n\n\n<p>El alcalde morenista de Celaya, Juan Miguel Ram\u00edrez S\u00e1nchez, afirm\u00f3 que el \u00edndice delictivo va a la baja en el municipio; aunque pidi\u00f3 m\u00e1s apoyo a la Federaci\u00f3n y al estado.<\/p>\n\n\n\n<p>\u201cNecesitamos mayores refuerzos, m\u00e1s gente de las Fuerzas de Seguridad P\u00fablica del estado, que venga m\u00e1s veces el helic\u00f3ptero\u201d, declar\u00f3.<\/p>\n\n\n\n<p>En Sonora, un elemento de la Agencia Ministerial de Investigaci\u00f3n Criminal, identificado como Roberto Eduardo y su esposa Marisela fueron ultimados en el municipio de Altar, cuando sal\u00edan de una tienda de conveniencia la tarde del viernes, inform\u00f3 la fiscal\u00eda estatal.<\/p>\n\n\n\n<p>Los cuerpos de la pareja quedaron dentro de un autom\u00f3vil sed\u00e1n blanco con impactos de bala en el parabrisas, precis\u00f3 la instituci\u00f3n.<\/p>\n\n\n\n<p>(Informaci\u00f3n de \u201cLa Jornada\u201d)<\/p>\n","protected":false},"excerpt":{"rendered":"<p>Redacci\u00f3n\/Zona Roja Cdmx. Ciudad de M\u00e9xico, a 8 de marzo de 2025.- La Fiscal\u00eda General&hellip;<\/p>\n","protected":false},"author":2,"featured_media":78240,"comment_status":"closed","ping_status":"open","sticky":false,"template":"","format":"standard","meta":{"_lmt_disableupdate":"","_lmt_disable":"","_jetpack_memberships_contains_paid_content":false,"footnotes":""},"categories":[109,47],"tags":[3459],"class_list":["post-78239","post","type-post","status-publish","format-standard","has-post-thumbnail","hentry","category-minuto-a-minuto","category-zona-gris","tag-apaseo-el-alto-guanajuato"],"jetpack_featured_media_url":"https:\/\/zonaroja.com.mx\/wp-content\/uploads\/2025\/03\/Ataque-panteon-Apaseo-Guanajuato.webp","jetpack_sharing_enabled":true,"_links":{"self":[{"href":"https:\/\/zonaroja.com.mx\/index.php?rest_route=\/wp\/v2\/posts\/78239","targetHints":{"allow":["GET"]}}],"collection":[{"href":"https:\/\/zonaroja.com.mx\/index.php?rest_route=\/wp\/v2\/posts"}],"about":[{"href":"https:\/\/zonaroja.com.mx\/index.php?rest_route=\/wp\/v2\/types\/post"}],"author":[{"embeddable":true,"href":"https:\/\/zonaroja.com.mx\/index.php?rest_route=\/wp\/v2\/users\/2"}],"replies":[{"embeddable":true,"href":"https:\/\/zonaroja.com.mx\/index.php?rest_route=%2Fwp%2Fv2%2Fcomments&post=78239"}],"version-history":[{"count":1,"href":"https:\/\/zonaroja.com.mx\/index.php?rest_route=\/wp\/v2\/posts\/78239\/revisions"}],"predecessor-version":[{"id":78241,"href":"https:\/\/zonaroja.com.mx\/index.php?rest_route=\/wp\/v2\/posts\/78239\/revisions\/78241"}],"wp:featuredmedia":[{"embeddable":true,"href":"https:\/\/zonaroja.com.mx\/index.php?rest_route=\/wp\/v2\/media\/78240"}],"wp:attachment":[{"href":"https:\/\/zonaroja.com.mx\/index.php?rest_route=%2Fwp%2Fv2%2Fmedia&parent=78239"}],"wp:term":[{"taxonomy":"category","embeddable":true,"href":"https:\/\/zonaroja.com.mx\/index.php?rest_route=%2Fwp%2Fv2%2Fcategories&post=78239"},{"taxonomy":"post_tag","embeddable":true,"href":"https:\/\/zonaroja.com.mx\/index.php?rest_route=%2Fwp%2Fv2%2Ftags&post=78239"}],"curies":[{"name":"wp","href":"https:\/\/api.w.org\/{rel}","templated":true}]}}