{"id":78242,"date":"2025-03-09T18:37:00","date_gmt":"2025-03-10T00:37:00","guid":{"rendered":"https:\/\/zonaroja.com.mx\/?p=78242"},"modified":"2025-03-09T17:49:36","modified_gmt":"2025-03-09T23:49:36","slug":"observatorio-del-agua-presenta-sitio-web-y-revista","status":"publish","type":"post","link":"https:\/\/zonaroja.com.mx\/?p=78242","title":{"rendered":"Observatorio del Agua presenta sitio web y revista"},"content":{"rendered":"\n<p>Redacci\u00f3n\/Zona Roja.<\/p>\n\n\n\n<p>Oaxaca de Ju\u00e1rez, Oax., a 8 de marzo de 2025.- El Observatorio Ciudadano Comunitario del Agua y Medio Ambiente de los Valles Centrales de Oaxaca (OCCAMA) present\u00f3 su sitio web y la revista \u201cVoces comunitarias del agua\u201d, a diez meses de que 28 organizaciones dieron nacimiento a la iniciativa ciudadana.<\/p>\n\n\n\n<p>Sa\u00fal Fuentes Olivares, integrante del grupo operativo del Observatorio, afirm\u00f3 que el sitio web tendr\u00e1 como objetivo ser un puente entre la ciudadan\u00eda y los actores que toman decisiones en torno a temas concernientes al agua en al menos 23 municipios de los Valles Centrales.<\/p>\n\n\n\n<p>\u201cEl sitio web fungir\u00e1 tiene un apartado de denuncias y propuestas, donde de forma sencilla la ciudadana podr\u00e1 reportar, denunciar o expresar inconformidades en sus barrios, colonias o comunidades en torno a la problem\u00e1tica del agua, tambi\u00e9n habr\u00e1 un espacio de propuestas, el objetivo es la vinculaci\u00f3n y tener un diagn\u00f3stico y una base de datos que la misma ciudadan\u00eda proporciones con la protecci\u00f3n de sus datos\u201d, explic\u00f3 el tambi\u00e9n representante de la organizaci\u00f3n Ideas Comunitarias.<\/p>\n\n\n\n<p>\u201cQueremos recopilar estas denuncias para sistematizar y desarrollar estrategias que emanen de las personas que viven la problem\u00e1tica de forma directa, el sitio web y la p\u00e1gina tambi\u00e9n son un punto de partida para tener un diagn\u00f3stico muy cercano con la ciudadan\u00eda, adem\u00e1s de que en la web no s\u00f3lo se limitar\u00e1 a los Valles Centrales, aunque sea la prioridad, se podr\u00e1 denunciar o proponer temas de todo el estado\u201d, abund\u00f3 Alejandro Sandoval, el coordinador operativo de OCCAMA.<\/p>\n\n\n\n<p>\u201cLa p\u00e1gina web ofrece tambi\u00e9n una visi\u00f3n importante sobre las propuestas planteadas por las autoridades gubernamentales para atender uno de los principales problemas a los que hacemos frente en Oaxaca: la carencia de agua. Es as\u00ed que se demanda al gobierno de Oaxaca brindar informaci\u00f3n clara sobre \u2018Paso Ancho\u2019, ese a\u00f1ejo proyecto que plantea la posibilidad de traer agua de la Sierra Sur a los Valles Centrales de Oaxaca, as\u00ed como todas las implicaciones ecol\u00f3gicas y t\u00e9cnicas\u201d, expuso la periodista Flor Hern\u00e1ndez.<\/p>\n\n\n\n<p>Durante la presentaci\u00f3n de las herramientas de difusi\u00f3n, tambi\u00e9n particip\u00f3 la presidente municipal de San Lorenzo Cacaotepec, Iris L\u00f3pez Zavaleta, cuyo municipio ocupa el reportaje central de la edici\u00f3n n\u00famero 1 de la revista y se profundiza en el trabajo que se realiza en el centro integral de residuos s\u00f3lidos urbanos de su municipio.&nbsp;<\/p>\n","protected":false},"excerpt":{"rendered":"<p>Redacci\u00f3n\/Zona Roja. Oaxaca de Ju\u00e1rez, Oax., a 8 de marzo de 2025.- El Observatorio Ciudadano&hellip;<\/p>\n","protected":false},"author":2,"featured_media":78243,"comment_status":"closed","ping_status":"open","sticky":false,"template":"","format":"standard","meta":{"_lmt_disableupdate":"","_lmt_disable":"","_jetpack_memberships_contains_paid_content":false,"footnotes":""},"categories":[109,46],"tags":[4241],"class_list":["post-78242","post","type-post","status-publish","format-standard","has-post-thumbnail","hentry","category-minuto-a-minuto","category-zona-blanca","tag-observatorio-ciudadano-del-agua-y-del-medio-ambiente-occama"],"jetpack_featured_media_url":"https:\/\/zonaroja.com.mx\/wp-content\/uploads\/2025\/03\/Observatorio-ciudadano-del-agua.jpeg","jetpack_sharing_enabled":true,"_links":{"self":[{"href":"https:\/\/zonaroja.com.mx\/index.php?rest_route=\/wp\/v2\/posts\/78242","targetHints":{"allow":["GET"]}}],"collection":[{"href":"https:\/\/zonaroja.com.mx\/index.php?rest_route=\/wp\/v2\/posts"}],"about":[{"href":"https:\/\/zonaroja.com.mx\/index.php?rest_route=\/wp\/v2\/types\/post"}],"author":[{"embeddable":true,"href":"https:\/\/zonaroja.com.mx\/index.php?rest_route=\/wp\/v2\/users\/2"}],"replies":[{"embeddable":true,"href":"https:\/\/zonaroja.com.mx\/index.php?rest_route=%2Fwp%2Fv2%2Fcomments&post=78242"}],"version-history":[{"count":1,"href":"https:\/\/zonaroja.com.mx\/index.php?rest_route=\/wp\/v2\/posts\/78242\/revisions"}],"predecessor-version":[{"id":78244,"href":"https:\/\/zonaroja.com.mx\/index.php?rest_route=\/wp\/v2\/posts\/78242\/revisions\/78244"}],"wp:featuredmedia":[{"embeddable":true,"href":"https:\/\/zonaroja.com.mx\/index.php?rest_route=\/wp\/v2\/media\/78243"}],"wp:attachment":[{"href":"https:\/\/zonaroja.com.mx\/index.php?rest_route=%2Fwp%2Fv2%2Fmedia&parent=78242"}],"wp:term":[{"taxonomy":"category","embeddable":true,"href":"https:\/\/zonaroja.com.mx\/index.php?rest_route=%2Fwp%2Fv2%2Fcategories&post=78242"},{"taxonomy":"post_tag","embeddable":true,"href":"https:\/\/zonaroja.com.mx\/index.php?rest_route=%2Fwp%2Fv2%2Ftags&post=78242"}],"curies":[{"name":"wp","href":"https:\/\/api.w.org\/{rel}","templated":true}]}}